{"id":91824,"date":"2018-02-15T14:22:17","date_gmt":"2018-02-15T16:22:17","guid":{"rendered":"http:\/\/diarioregionaljf.com.br\/2018\/02\/15\/mercado-projeta-deficit-de-r-149-18-bilhoes-nas-contas-publicas-neste-ano\/"},"modified":"2018-02-15T14:22:17","modified_gmt":"2018-02-15T16:22:17","slug":"mercado-projeta-deficit-de-r-149-18-bilhoes-nas-contas-publicas-neste-ano","status":"publish","type":"post","link":"https:\/\/diarioregionaldigital.com.br\/?p=91824","title":{"rendered":"Mercado projeta d\u00e9ficit de R$149,18 bilh\u00f5es nas contas p\u00fablicas neste ano"},"content":{"rendered":"<p>Institui\u00e7\u00f5es financeiras consultadas pelo Minist\u00e9rio da Fazenda reduziram a previs\u00e3o do d\u00e9ficit prim\u00e1rio do Governo Central (Tesouro Nacional, Previd\u00eancia Social e Banco Central) neste ano de R$153,944 bilh\u00f5es para R$149,186 bilh\u00f5es.<\/p>\n<p>O d\u00e9ficit prim\u00e1rio \u00e9 o resultado das despesas maiores que as receitas, sem considerar os gastos com juros da d\u00edvida p\u00fablica. A meta de d\u00e9ficit prim\u00e1rio \u00e9 de R$159 bilh\u00f5es, em 2018, e R$139 bilh\u00f5es, em 2019.<\/p>\n<p>A proje\u00e7\u00e3o consta da pesquisa Prisma Fiscal, divulgada hoje, 15, elaborada pela Secretaria de Pol\u00edtica Econ\u00f4mica do Minist\u00e9rio da Fazenda com base em informa\u00e7\u00f5es de institui\u00e7\u00f5es financeiras. Para 2019, a estimativa de d\u00e9ficit ficou em R$119 bilh\u00f5es, contra R$120,960 bilh\u00f5es previstos no m\u00eas passado.<\/p>\n<p>A proje\u00e7\u00e3o da arrecada\u00e7\u00e3o das receitas federais neste ano ficou em R$1,450 trilh\u00e3o, contra R$1,446 trilh\u00e3o, previsto no m\u00eas passado.<\/p>\n<p>A pesquisa apresenta tamb\u00e9m a proje\u00e7\u00e3o para a d\u00edvida bruta do governo geral que, na avalia\u00e7\u00e3o das institui\u00e7\u00f5es financeiras, deve ficar em 75,50% do Produto Interno Bruto (PIB) ante a previs\u00e3o anterior de 76%, para 2018. Para 2019, a estimativa foi ajustada de 78,39% para 77,20% do PIB.<\/p>\n<hr \/>\n<p>&nbsp;Fonte: Ag\u00eancia Brasil<\/p>\n","protected":false},"excerpt":{"rendered":"<p>Institui\u00e7\u00f5es financeiras consultadas pelo Minist\u00e9rio da Fazenda reduziram a previs\u00e3o do d\u00e9ficit prim\u00e1rio do Governo Central (Tesouro Nacional, Previd\u00eancia Social e Banco Central) neste ano de R$153,944 bilh\u00f5es para R$149,186 bilh\u00f5es. O d\u00e9ficit prim\u00e1rio \u00e9 o resultado das despesas maiores que as receitas, sem considerar os gastos com juros da d\u00edvida p\u00fablica. A meta de [&hellip;]<\/p>\n","protected":false},"author":96,"featured_media":91823,"comment_status":"closed","ping_status":"closed","sticky":false,"template":"","format":"standard","meta":{"footnotes":""},"categories":[261],"tags":[],"class_list":["post-91824","post","type-post","status-publish","format-standard","has-post-thumbnail","hentry","category-economia"],"_links":{"self":[{"href":"https:\/\/diarioregionaldigital.com.br\/index.php?rest_route=\/wp\/v2\/posts\/91824","targetHints":{"allow":["GET"]}}],"collection":[{"href":"https:\/\/diarioregionaldigital.com.br\/index.php?rest_route=\/wp\/v2\/posts"}],"about":[{"href":"https:\/\/diarioregionaldigital.com.br\/index.php?rest_route=\/wp\/v2\/types\/post"}],"author":[{"embeddable":true,"href":"https:\/\/diarioregionaldigital.com.br\/index.php?rest_route=\/wp\/v2\/users\/96"}],"replies":[{"embeddable":true,"href":"https:\/\/diarioregionaldigital.com.br\/index.php?rest_route=%2Fwp%2Fv2%2Fcomments&post=91824"}],"version-history":[{"count":0,"href":"https:\/\/diarioregionaldigital.com.br\/index.php?rest_route=\/wp\/v2\/posts\/91824\/revisions"}],"wp:featuredmedia":[{"embeddable":true,"href":"https:\/\/diarioregionaldigital.com.br\/index.php?rest_route=\/wp\/v2\/media\/91823"}],"wp:attachment":[{"href":"https:\/\/diarioregionaldigital.com.br\/index.php?rest_route=%2Fwp%2Fv2%2Fmedia&parent=91824"}],"wp:term":[{"taxonomy":"category","embeddable":true,"href":"https:\/\/diarioregionaldigital.com.br\/index.php?rest_route=%2Fwp%2Fv2%2Fcategories&post=91824"},{"taxonomy":"post_tag","embeddable":true,"href":"https:\/\/diarioregionaldigital.com.br\/index.php?rest_route=%2Fwp%2Fv2%2Ftags&post=91824"}],"curies":[{"name":"wp","href":"https:\/\/api.w.org\/{rel}","templated":true}]}}