{"id":91822,"date":"2018-02-15T14:20:05","date_gmt":"2018-02-15T16:20:05","guid":{"rendered":"http:\/\/diarioregionaljf.com.br\/2018\/02\/15\/bolsa-sobe-e-dolar-cai-mais-de-2-na-volta-do-carnaval\/"},"modified":"2018-02-15T14:20:05","modified_gmt":"2018-02-15T16:20:05","slug":"bolsa-sobe-e-dolar-cai-mais-de-2-na-volta-do-carnaval","status":"publish","type":"post","link":"https:\/\/diarioregionaldigital.com.br\/?p=91822","title":{"rendered":"Bolsa sobe e d\u00f3lar cai mais de 2% na volta do carnaval"},"content":{"rendered":"<p>Em um dia de ajustes na volta do feriado de carnaval, a bolsa subiu e a moeda norte-americana teve forte queda. O d\u00f3lar comercial encerrou nessa quarta-feira, 14, vendido a R$3,227, com recuo de R$0,074 (2,27%).<\/p>\n<p>Na sexta-feira, 9, a divisa tinha encerrado a sess\u00e3o em R$3,281, tendo chegado a ultrapassar a barreira de R$3,30 em alguns momentos. Na sess\u00e3o de hoje, que s\u00f3 abriu \u00e0s 13h por causa da quarta-feira de cinzas, o d\u00f3lar operou em baixa durante toda a negocia\u00e7\u00e3o.<\/p>\n<p>No mercado de a\u00e7\u00f5es, o \u00edndice Ibovespa, da Bolsa de Valores de S\u00e3o Paulo, fechou com alta de 3,27%, aos 83.543 pontos. O indicador quase recuperou a queda de 3,57% nas \u00faltimas tr\u00eas sess\u00f5es antes do feriado. Em 26 de janeiro, a bolsa tinha chegado ao n\u00edvel recorde de 85.531 pontos.<\/p>\n<p>A quarta-feira foi marcada por oscila\u00e7\u00f5es na bolsa de valores de Nova York. O \u00edndice Dow Jones come\u00e7ou em queda, mas reverteu a tend\u00eancia e encerrou o dia com alta de 1,03%.<\/p>\n<p>Nas \u00faltimas duas semanas, os mercados financeiros de todo o mundo t\u00eam atravessado momentos de turbul\u00eancia por causa de dados recentes da economia norte-americana.<\/p>\n<p>Apesar de as estat\u00edsticas recentes mostrarem que a cria\u00e7\u00e3o de emprego superou as expectativas, o receio de que o Federal Reserve (Fed), Banco Central norte-americano, aumente os juros b\u00e1sicos da maior economia mundial de forma mais agressiva que o esperado provocou tens\u00f5es em escala global.<\/p>\n<p>Juros mais altos nos Estados Unidos estimulam que os investidores vendam a\u00e7\u00f5es na bolsa de valores e comprem t\u00edtulos do Tesouro norte-americano, considerados os pap\u00e9is mais seguros do planeta. Da mesma forma, propiciam a fuga de capitais de pa\u00edses emergentes, como o Brasil, para cobrir preju\u00edzos em mercados de economias avan\u00e7adas.<\/p>\n<hr \/>\n<p>&nbsp;Fonte: Ag\u00eancia Brasil<\/p>\n","protected":false},"excerpt":{"rendered":"<p>Em um dia de ajustes na volta do feriado de carnaval, a bolsa subiu e a moeda norte-americana teve forte queda. O d\u00f3lar comercial encerrou nessa quarta-feira, 14, vendido a R$3,227, com recuo de R$0,074 (2,27%). Na sexta-feira, 9, a divisa tinha encerrado a sess\u00e3o em R$3,281, tendo chegado a ultrapassar a barreira de R$3,30 [&hellip;]<\/p>\n","protected":false},"author":96,"featured_media":91821,"comment_status":"closed","ping_status":"closed","sticky":false,"template":"","format":"standard","meta":{"footnotes":""},"categories":[261],"tags":[],"class_list":["post-91822","post","type-post","status-publish","format-standard","has-post-thumbnail","hentry","category-economia"],"_links":{"self":[{"href":"https:\/\/diarioregionaldigital.com.br\/index.php?rest_route=\/wp\/v2\/posts\/91822","targetHints":{"allow":["GET"]}}],"collection":[{"href":"https:\/\/diarioregionaldigital.com.br\/index.php?rest_route=\/wp\/v2\/posts"}],"about":[{"href":"https:\/\/diarioregionaldigital.com.br\/index.php?rest_route=\/wp\/v2\/types\/post"}],"author":[{"embeddable":true,"href":"https:\/\/diarioregionaldigital.com.br\/index.php?rest_route=\/wp\/v2\/users\/96"}],"replies":[{"embeddable":true,"href":"https:\/\/diarioregionaldigital.com.br\/index.php?rest_route=%2Fwp%2Fv2%2Fcomments&post=91822"}],"version-history":[{"count":0,"href":"https:\/\/diarioregionaldigital.com.br\/index.php?rest_route=\/wp\/v2\/posts\/91822\/revisions"}],"wp:featuredmedia":[{"embeddable":true,"href":"https:\/\/diarioregionaldigital.com.br\/index.php?rest_route=\/wp\/v2\/media\/91821"}],"wp:attachment":[{"href":"https:\/\/diarioregionaldigital.com.br\/index.php?rest_route=%2Fwp%2Fv2%2Fmedia&parent=91822"}],"wp:term":[{"taxonomy":"category","embeddable":true,"href":"https:\/\/diarioregionaldigital.com.br\/index.php?rest_route=%2Fwp%2Fv2%2Fcategories&post=91822"},{"taxonomy":"post_tag","embeddable":true,"href":"https:\/\/diarioregionaldigital.com.br\/index.php?rest_route=%2Fwp%2Fv2%2Ftags&post=91822"}],"curies":[{"name":"wp","href":"https:\/\/api.w.org\/{rel}","templated":true}]}}