{"id":91818,"date":"2018-02-15T12:09:03","date_gmt":"2018-02-15T14:09:03","guid":{"rendered":"http:\/\/diarioregionaljf.com.br\/2018\/02\/15\/jovem-e-assaltada-e-apreendida-apos-pm-localizar-drogas-em-bolsa\/"},"modified":"2018-02-15T12:09:03","modified_gmt":"2018-02-15T14:09:03","slug":"jovem-e-assaltada-e-apreendida-apos-pm-localizar-drogas-em-bolsa","status":"publish","type":"post","link":"https:\/\/diarioregionaldigital.com.br\/?p=91818","title":{"rendered":"Jovem \u00e9 assaltada e apreendida ap\u00f3s PM localizar drogas em bolsa"},"content":{"rendered":"<p>Uma jovem de 17 anos foi agredida e assaltada na noite desta quarta-feira, 14, na regi\u00e3o central da cidade.<\/p>\n<p>Segundo informa\u00e7\u00f5es da Pol\u00edcia Militar (PM), a jovem passava pela Rua Henrique Suresus, quando foi abordada foi um jovem e uma adolescente.<\/p>\n<p>O jovem, de 20 anos, agarrou a v\u00edtima pelas costas, apertando seu pesco\u00e7o e conseguiu roubar sua bolsa com pertences. Ele tamb\u00e9m a amea\u00e7ou com um canivete. A adolescente, de 14 anos, o acompanhava durante toda a a\u00e7\u00e3o.<\/p>\n<p>A PM foi acionada e realizou buscas pela regi\u00e3o. O jovem e a adolescente foram localizados e com eles os pertences da v\u00edtima.<\/p>\n<p>Ao realizarem buscas no interior da bolsa da jovem, os policiais encontraram uma bucha de maconha, que a v\u00edtima confirmou ser propriet\u00e1ria.<\/p>\n<p>Diante dos fatos o jovem foi preso e a adolescente apreendida. E a v\u00edtima tamb\u00e9m foi apreendida. Todos foram encaminhados para a delegacia.<\/p>\n","protected":false},"excerpt":{"rendered":"<p>Uma jovem de 17 anos foi agredida e assaltada na noite desta quarta-feira, 14, na regi\u00e3o central da cidade. Segundo informa\u00e7\u00f5es da Pol\u00edcia Militar (PM), a jovem passava pela Rua Henrique Suresus, quando foi abordada foi um jovem e uma adolescente. O jovem, de 20 anos, agarrou a v\u00edtima pelas costas, apertando seu pesco\u00e7o e [&hellip;]<\/p>\n","protected":false},"author":96,"featured_media":91817,"comment_status":"closed","ping_status":"closed","sticky":false,"template":"","format":"standard","meta":{"footnotes":""},"categories":[301],"tags":[],"class_list":["post-91818","post","type-post","status-publish","format-standard","has-post-thumbnail","hentry","category-artigos-policiais"],"_links":{"self":[{"href":"https:\/\/diarioregionaldigital.com.br\/index.php?rest_route=\/wp\/v2\/posts\/91818","targetHints":{"allow":["GET"]}}],"collection":[{"href":"https:\/\/diarioregionaldigital.com.br\/index.php?rest_route=\/wp\/v2\/posts"}],"about":[{"href":"https:\/\/diarioregionaldigital.com.br\/index.php?rest_route=\/wp\/v2\/types\/post"}],"author":[{"embeddable":true,"href":"https:\/\/diarioregionaldigital.com.br\/index.php?rest_route=\/wp\/v2\/users\/96"}],"replies":[{"embeddable":true,"href":"https:\/\/diarioregionaldigital.com.br\/index.php?rest_route=%2Fwp%2Fv2%2Fcomments&post=91818"}],"version-history":[{"count":0,"href":"https:\/\/diarioregionaldigital.com.br\/index.php?rest_route=\/wp\/v2\/posts\/91818\/revisions"}],"wp:featuredmedia":[{"embeddable":true,"href":"https:\/\/diarioregionaldigital.com.br\/index.php?rest_route=\/wp\/v2\/media\/91817"}],"wp:attachment":[{"href":"https:\/\/diarioregionaldigital.com.br\/index.php?rest_route=%2Fwp%2Fv2%2Fmedia&parent=91818"}],"wp:term":[{"taxonomy":"category","embeddable":true,"href":"https:\/\/diarioregionaldigital.com.br\/index.php?rest_route=%2Fwp%2Fv2%2Fcategories&post=91818"},{"taxonomy":"post_tag","embeddable":true,"href":"https:\/\/diarioregionaldigital.com.br\/index.php?rest_route=%2Fwp%2Fv2%2Ftags&post=91818"}],"curies":[{"name":"wp","href":"https:\/\/api.w.org\/{rel}","templated":true}]}}