{"id":91816,"date":"2018-02-15T11:42:00","date_gmt":"2018-02-15T13:42:00","guid":{"rendered":"http:\/\/diarioregionaljf.com.br\/2018\/02\/15\/adolescente-de-14-anos-e-estuprada-no-bairro-santa-efigenia\/"},"modified":"2018-02-15T11:42:00","modified_gmt":"2018-02-15T13:42:00","slug":"adolescente-de-14-anos-e-estuprada-no-bairro-santa-efigenia","status":"publish","type":"post","link":"https:\/\/diarioregionaldigital.com.br\/?p=91816","title":{"rendered":"Adolescente de 14 anos \u00e9 estuprada no bairro Santa Efig\u00eania"},"content":{"rendered":"<p>Uma adolescente de 14 anos foi v\u00edtima de um estupro na noite desta quarta-feira, 14, no bairro Santa Efig\u00eania, localizado na zona Sul de Juiz de Fora.<\/p>\n<p>De acordo com o registro de ocorr\u00eancias da Pol\u00edcia Militar (PM), a v\u00edtima encontrava-se na casa de sua prima, quando em determinado momento, o autor, que \u00e9 companheiro da prima, aproximou-se e abordou a jovem.<\/p>\n<p>O homem, cuja idade n\u00e3o foi identificada, usou de for\u00e7a f\u00edsica contra a adolescente e realizou a conjun\u00e7\u00e3o carnal. Em determinado momento a v\u00edtima conseguiu se desvencilhar do homem e fugiu.<\/p>\n<p>A PM foi acionada e a adolescente foi conduzida ao Hospital de Pronto Socorro (HPS), onde ela foi medicada e a conjun\u00e7\u00e3o carnal constatada.<\/p>\n<p>O autor fugiu e n\u00e3o foi encontrado.<\/p>\n","protected":false},"excerpt":{"rendered":"<p>Uma adolescente de 14 anos foi v\u00edtima de um estupro na noite desta quarta-feira, 14, no bairro Santa Efig\u00eania, localizado na zona Sul de Juiz de Fora. De acordo com o registro de ocorr\u00eancias da Pol\u00edcia Militar (PM), a v\u00edtima encontrava-se na casa de sua prima, quando em determinado momento, o autor, que \u00e9 companheiro [&hellip;]<\/p>\n","protected":false},"author":96,"featured_media":91815,"comment_status":"closed","ping_status":"closed","sticky":false,"template":"","format":"standard","meta":{"footnotes":""},"categories":[301],"tags":[],"class_list":["post-91816","post","type-post","status-publish","format-standard","has-post-thumbnail","hentry","category-artigos-policiais"],"_links":{"self":[{"href":"https:\/\/diarioregionaldigital.com.br\/index.php?rest_route=\/wp\/v2\/posts\/91816","targetHints":{"allow":["GET"]}}],"collection":[{"href":"https:\/\/diarioregionaldigital.com.br\/index.php?rest_route=\/wp\/v2\/posts"}],"about":[{"href":"https:\/\/diarioregionaldigital.com.br\/index.php?rest_route=\/wp\/v2\/types\/post"}],"author":[{"embeddable":true,"href":"https:\/\/diarioregionaldigital.com.br\/index.php?rest_route=\/wp\/v2\/users\/96"}],"replies":[{"embeddable":true,"href":"https:\/\/diarioregionaldigital.com.br\/index.php?rest_route=%2Fwp%2Fv2%2Fcomments&post=91816"}],"version-history":[{"count":0,"href":"https:\/\/diarioregionaldigital.com.br\/index.php?rest_route=\/wp\/v2\/posts\/91816\/revisions"}],"wp:featuredmedia":[{"embeddable":true,"href":"https:\/\/diarioregionaldigital.com.br\/index.php?rest_route=\/wp\/v2\/media\/91815"}],"wp:attachment":[{"href":"https:\/\/diarioregionaldigital.com.br\/index.php?rest_route=%2Fwp%2Fv2%2Fmedia&parent=91816"}],"wp:term":[{"taxonomy":"category","embeddable":true,"href":"https:\/\/diarioregionaldigital.com.br\/index.php?rest_route=%2Fwp%2Fv2%2Fcategories&post=91816"},{"taxonomy":"post_tag","embeddable":true,"href":"https:\/\/diarioregionaldigital.com.br\/index.php?rest_route=%2Fwp%2Fv2%2Ftags&post=91816"}],"curies":[{"name":"wp","href":"https:\/\/api.w.org\/{rel}","templated":true}]}}