{"id":91810,"date":"2018-02-15T11:08:42","date_gmt":"2018-02-15T13:08:42","guid":{"rendered":"http:\/\/diarioregionaljf.com.br\/2018\/02\/15\/cancer-mais-de-300-mil-criancas-e-adolescentes-sao-diagnosticados-todos-os-anos\/"},"modified":"2018-02-15T11:08:42","modified_gmt":"2018-02-15T13:08:42","slug":"cancer-mais-de-300-mil-criancas-e-adolescentes-sao-diagnosticados-todos-os-anos","status":"publish","type":"post","link":"https:\/\/diarioregionaldigital.com.br\/?p=91810","title":{"rendered":"C\u00e2ncer: mais de 300 mil crian\u00e7as e adolescentes s\u00e3o diagnosticados todos os anos"},"content":{"rendered":"<p>No Dia Internacional de Luta Contra o C\u00e2ncer na Inf\u00e2ncia, lembrado hoje (15), a Childhood Cancer International (CCI), alerta para a necessidade de a\u00e7\u00f5es globais conjuntas para enfrentar o que chama de desafio crescente imposto pela doen\u00e7a. Dados da Ag\u00eancia Internacional de Pesquisa sobre o C\u00e2ncer indicam que cerca de 215 mil casos s\u00e3o diagnosticados todos os anos em menores de 15 anos, al\u00e9m de 85 mil casos entre adolescentes de 15 a 19 anos.<\/p>\n<p>\u201cApesar de o n\u00famero de crian\u00e7as com c\u00e2ncer ser bem menor quando comparado \u00e0 incid\u00eancia global da doen\u00e7a em adultos, o n\u00famero de vidas salvas \u00e9 significativamente maior: as taxas de sobreviv\u00eancia em pa\u00edses de alta renda chegam a uma m\u00e9dia de 84% e est\u00e3o melhorando de forma consistente mesmo em \u00e1reas com menos recursos no mundo onde h\u00e1 apoio local e internacional\u201d, destacou a CCI, por meio de nota.<\/p>\n<p>A campanha alerta ainda para a disparidade no acesso ao tratamento do c\u00e2ncer infantil em pa\u00edses de baixa e m\u00e9dia renda, onde vivem 80% das crian\u00e7as e adolescentes com c\u00e2ncer. De acordo com o comunicado, crian\u00e7as e adolescentes na \u00c1frica, na \u00c1sia, na Am\u00e9rica Latina e em partes do Leste e Sul europeu n\u00e3o t\u00eam acesso apropriado nem mesmo a medicamentos essenciais e cuidados especializados.<\/p>\n<p>\u201cAtualmente, o local onde a crian\u00e7a reside muitas vezes determina sua habilidade de sobreviver ao c\u00e2ncer infantil\u201d, concluiu a entidade, composta por 188 organiza\u00e7\u00f5es membro de um total de 96 pa\u00edses.<\/p>\n<p>Fonte: Ag\u00eancia Brasil<\/p>\n","protected":false},"excerpt":{"rendered":"<p>No Dia Internacional de Luta Contra o C\u00e2ncer na Inf\u00e2ncia, lembrado hoje (15), a Childhood Cancer International (CCI), alerta para a necessidade de a\u00e7\u00f5es globais conjuntas para enfrentar o que chama de desafio crescente imposto pela doen\u00e7a. Dados da Ag\u00eancia Internacional de Pesquisa sobre o C\u00e2ncer indicam que cerca de 215 mil casos s\u00e3o diagnosticados [&hellip;]<\/p>\n","protected":false},"author":96,"featured_media":91809,"comment_status":"closed","ping_status":"closed","sticky":false,"template":"","format":"standard","meta":{"footnotes":""},"categories":[302],"tags":[],"class_list":["post-91810","post","type-post","status-publish","format-standard","has-post-thumbnail","hentry","category-brasil-mundo"],"_links":{"self":[{"href":"https:\/\/diarioregionaldigital.com.br\/index.php?rest_route=\/wp\/v2\/posts\/91810","targetHints":{"allow":["GET"]}}],"collection":[{"href":"https:\/\/diarioregionaldigital.com.br\/index.php?rest_route=\/wp\/v2\/posts"}],"about":[{"href":"https:\/\/diarioregionaldigital.com.br\/index.php?rest_route=\/wp\/v2\/types\/post"}],"author":[{"embeddable":true,"href":"https:\/\/diarioregionaldigital.com.br\/index.php?rest_route=\/wp\/v2\/users\/96"}],"replies":[{"embeddable":true,"href":"https:\/\/diarioregionaldigital.com.br\/index.php?rest_route=%2Fwp%2Fv2%2Fcomments&post=91810"}],"version-history":[{"count":0,"href":"https:\/\/diarioregionaldigital.com.br\/index.php?rest_route=\/wp\/v2\/posts\/91810\/revisions"}],"wp:featuredmedia":[{"embeddable":true,"href":"https:\/\/diarioregionaldigital.com.br\/index.php?rest_route=\/wp\/v2\/media\/91809"}],"wp:attachment":[{"href":"https:\/\/diarioregionaldigital.com.br\/index.php?rest_route=%2Fwp%2Fv2%2Fmedia&parent=91810"}],"wp:term":[{"taxonomy":"category","embeddable":true,"href":"https:\/\/diarioregionaldigital.com.br\/index.php?rest_route=%2Fwp%2Fv2%2Fcategories&post=91810"},{"taxonomy":"post_tag","embeddable":true,"href":"https:\/\/diarioregionaldigital.com.br\/index.php?rest_route=%2Fwp%2Fv2%2Ftags&post=91810"}],"curies":[{"name":"wp","href":"https:\/\/api.w.org\/{rel}","templated":true}]}}