{"id":91808,"date":"2018-02-15T10:58:48","date_gmt":"2018-02-15T12:58:48","guid":{"rendered":"http:\/\/diarioregionaljf.com.br\/2018\/02\/15\/redistribuicao-de-venezuelanos-para-outros-estados-do-pais-comeca-em-marco\/"},"modified":"2018-02-15T10:58:48","modified_gmt":"2018-02-15T12:58:48","slug":"redistribuicao-de-venezuelanos-para-outros-estados-do-pais-comeca-em-marco","status":"publish","type":"post","link":"https:\/\/diarioregionaldigital.com.br\/?p=91808","title":{"rendered":"Redistribui\u00e7\u00e3o de venezuelanos para outros estados do pa\u00eds come\u00e7a em mar\u00e7o"},"content":{"rendered":"<p>O ministro da Defesa, Raul Jungmann, disse na noite desta quarta-feira, 14, que os primeiros venezuelanos instalados atualmente em Roraima ser\u00e3o enviados a outros estados j\u00e1 no m\u00eas de mar\u00e7o. Jungmann passou o dia no Pal\u00e1cio da Alvorada reunido com o presidente Michel Temer para tratar da onda de refugiados do pa\u00eds vizinho, que chegam ao Brasil por Roraima, fugindo da crise na terra natal.<\/p>\n<p>O ministro destacou que a redistribui\u00e7\u00e3o dos venezuelanos pelo territ\u00f3rio brasileiro ser\u00e1 feita em acordo com os estados que forem receb\u00ea-los. Afirmou ainda que 70% dos venezuelanos t\u00eam at\u00e9 o segundo grau e 30% t\u00eam n\u00edvel superior e que caber\u00e1 ao minist\u00e9rio da Educa\u00e7\u00e3o tratar da revalida\u00e7\u00e3o de diplomas.<\/p>\n<p>\u201c\u00c9 um povo irm\u00e3o. Se, hoje, n\u00f3s temos diferen\u00e7as com o governo, elas passam. Mas rela\u00e7\u00f5es entre na\u00e7\u00f5es e povos continuam. E a gente tem que entender que \u00e9 um povo irm\u00e3o, e a gente tem que procurar acolh\u00ea-los. Mas, ao mesmo tempo, n\u00e3o podemos deixar Roraima enfrentar isso sozinha\u201d, disse o ministro.<\/p>\n<p>Mais cedo, ele j\u00e1 havia adiantado que o presidente Temer assinar\u00e1 uma medida provis\u00f3ria (MP) estabelecendo a forma de apoio que o governo federal dar\u00e1 aos refugiados e a Roraima. As For\u00e7as Armadas passar\u00e3o a coordenar toda a a\u00e7\u00e3o do governo federal em Roraima, e o efetivo militar para apoio \u00e0s quest\u00f5es humanit\u00e1rias ser\u00e1 duplicado, passando de 100 para 200 homens.<\/p>\n<p>Para fugir \u00e0 crise pol\u00edtica e econ\u00f4mica na Venezuela, diariamente, imigrantes ingressam no Brasil pela fronteira com Roraima. A prefeitura de Boa Vista estima que cerca de 40 mil venezuelanos tenham entrado na cidade. O n\u00famero corresponde a mais de 10% da popula\u00e7\u00e3o local, de cerca de 330 mil habitantes.<\/p>\n<p>Fonte: Ag\u00eancia Brasil<\/p>\n","protected":false},"excerpt":{"rendered":"<p>O ministro da Defesa, Raul Jungmann, disse na noite desta quarta-feira, 14, que os primeiros venezuelanos instalados atualmente em Roraima ser\u00e3o enviados a outros estados j\u00e1 no m\u00eas de mar\u00e7o. Jungmann passou o dia no Pal\u00e1cio da Alvorada reunido com o presidente Michel Temer para tratar da onda de refugiados do pa\u00eds vizinho, que chegam [&hellip;]<\/p>\n","protected":false},"author":96,"featured_media":91807,"comment_status":"closed","ping_status":"closed","sticky":false,"template":"","format":"standard","meta":{"footnotes":""},"categories":[302],"tags":[],"class_list":["post-91808","post","type-post","status-publish","format-standard","has-post-thumbnail","hentry","category-brasil-mundo"],"_links":{"self":[{"href":"https:\/\/diarioregionaldigital.com.br\/index.php?rest_route=\/wp\/v2\/posts\/91808","targetHints":{"allow":["GET"]}}],"collection":[{"href":"https:\/\/diarioregionaldigital.com.br\/index.php?rest_route=\/wp\/v2\/posts"}],"about":[{"href":"https:\/\/diarioregionaldigital.com.br\/index.php?rest_route=\/wp\/v2\/types\/post"}],"author":[{"embeddable":true,"href":"https:\/\/diarioregionaldigital.com.br\/index.php?rest_route=\/wp\/v2\/users\/96"}],"replies":[{"embeddable":true,"href":"https:\/\/diarioregionaldigital.com.br\/index.php?rest_route=%2Fwp%2Fv2%2Fcomments&post=91808"}],"version-history":[{"count":0,"href":"https:\/\/diarioregionaldigital.com.br\/index.php?rest_route=\/wp\/v2\/posts\/91808\/revisions"}],"wp:featuredmedia":[{"embeddable":true,"href":"https:\/\/diarioregionaldigital.com.br\/index.php?rest_route=\/wp\/v2\/media\/91807"}],"wp:attachment":[{"href":"https:\/\/diarioregionaldigital.com.br\/index.php?rest_route=%2Fwp%2Fv2%2Fmedia&parent=91808"}],"wp:term":[{"taxonomy":"category","embeddable":true,"href":"https:\/\/diarioregionaldigital.com.br\/index.php?rest_route=%2Fwp%2Fv2%2Fcategories&post=91808"},{"taxonomy":"post_tag","embeddable":true,"href":"https:\/\/diarioregionaldigital.com.br\/index.php?rest_route=%2Fwp%2Fv2%2Ftags&post=91808"}],"curies":[{"name":"wp","href":"https:\/\/api.w.org\/{rel}","templated":true}]}}