{"id":91806,"date":"2018-02-14T21:44:31","date_gmt":"2018-02-14T23:44:31","guid":{"rendered":"http:\/\/diarioregionaljf.com.br\/2018\/02\/14\/copa-jf-de-futebol-amador-traz-categoria-feminina-como-novidade-nesta-edicao\/"},"modified":"2018-02-14T21:44:31","modified_gmt":"2018-02-14T23:44:31","slug":"copa-jf-de-futebol-amador-traz-categoria-feminina-como-novidade-nesta-edicao","status":"publish","type":"post","link":"https:\/\/diarioregionaldigital.com.br\/?p=91806","title":{"rendered":"Copa JF de Futebol Amador traz categoria feminina como novidade nesta edi\u00e7\u00e3o"},"content":{"rendered":"<p>Pela primeira vez em sua hist\u00f3ria, a Copa Juiz de Fora de Futebol Amador traz, em meio \u00e0s suas tradicionais categorias, uma novidade: a modalidade feminina. O an\u00fancio foi feito no congresso t\u00e9cnico realizado esta semana, com as equipes inscritas na edi\u00e7\u00e3o 2018. O evento teve como objetivo tamb\u00e9m apresentar \u00e0s agremia\u00e7\u00f5es o cronograma, sanar d\u00favidas e discutir as quest\u00f5es relevantes \u00e0 competi\u00e7\u00e3o, al\u00e9m de realizar o sorteio de chaves. Os encontros foram no audit\u00f3rio da Secretaria de Esporte e Lazer (SEL) da Prefeitura de Juiz de Fora (PJF), na Avenida Rui Barbosa, 530, Bairro Santa Terezinha.<\/p>\n<p> A SEL, respons\u00e1vel pela competi\u00e7\u00e3o junto \u00e0 Liga de Futebol de Juiz de Fora, recebeu na sexta-feira, 2, as fichas de inscri\u00e7\u00e3o das equipes. A competi\u00e7\u00e3o, que come\u00e7ar\u00e1 no dia 25, contar\u00e1 com 98 times, sendo 39 na categoria adulta, 14 na veterana, oito na master, 13 na supermaster, 20 na s\u00eanior e quatro na estreante feminina.<\/p>\n<p> A Copa Juiz de Fora de Futebol Amador \u00e9 coordenada pelo Departamento de Fomento \u00e0s Pol\u00edticas de Esporte e Lazer. A disputa \u00e9 realizada com objetivo de incentivar educacionalmente a pr\u00e1tica do futebol, promover o interc\u00e2mbio desportivo e integrar socialmente.<\/p>\n<p> Para outras informa\u00e7\u00f5es sobre a Copa,&nbsp; ligue para 3690-7856.<\/p>\n<p> <strong>Fonte: Assessoria\/SEL<\/strong><\/p>\n","protected":false},"excerpt":{"rendered":"<p>Pela primeira vez em sua hist\u00f3ria, a Copa Juiz de Fora de Futebol Amador traz, em meio \u00e0s suas tradicionais categorias, uma novidade: a modalidade feminina. O an\u00fancio foi feito no congresso t\u00e9cnico realizado esta semana, com as equipes inscritas na edi\u00e7\u00e3o 2018. O evento teve como objetivo tamb\u00e9m apresentar \u00e0s agremia\u00e7\u00f5es o cronograma, sanar [&hellip;]<\/p>\n","protected":false},"author":96,"featured_media":91805,"comment_status":"closed","ping_status":"closed","sticky":false,"template":"","format":"standard","meta":{"footnotes":""},"categories":[257],"tags":[],"class_list":["post-91806","post","type-post","status-publish","format-standard","has-post-thumbnail","hentry","category-esporte"],"_links":{"self":[{"href":"https:\/\/diarioregionaldigital.com.br\/index.php?rest_route=\/wp\/v2\/posts\/91806","targetHints":{"allow":["GET"]}}],"collection":[{"href":"https:\/\/diarioregionaldigital.com.br\/index.php?rest_route=\/wp\/v2\/posts"}],"about":[{"href":"https:\/\/diarioregionaldigital.com.br\/index.php?rest_route=\/wp\/v2\/types\/post"}],"author":[{"embeddable":true,"href":"https:\/\/diarioregionaldigital.com.br\/index.php?rest_route=\/wp\/v2\/users\/96"}],"replies":[{"embeddable":true,"href":"https:\/\/diarioregionaldigital.com.br\/index.php?rest_route=%2Fwp%2Fv2%2Fcomments&post=91806"}],"version-history":[{"count":0,"href":"https:\/\/diarioregionaldigital.com.br\/index.php?rest_route=\/wp\/v2\/posts\/91806\/revisions"}],"wp:featuredmedia":[{"embeddable":true,"href":"https:\/\/diarioregionaldigital.com.br\/index.php?rest_route=\/wp\/v2\/media\/91805"}],"wp:attachment":[{"href":"https:\/\/diarioregionaldigital.com.br\/index.php?rest_route=%2Fwp%2Fv2%2Fmedia&parent=91806"}],"wp:term":[{"taxonomy":"category","embeddable":true,"href":"https:\/\/diarioregionaldigital.com.br\/index.php?rest_route=%2Fwp%2Fv2%2Fcategories&post=91806"},{"taxonomy":"post_tag","embeddable":true,"href":"https:\/\/diarioregionaldigital.com.br\/index.php?rest_route=%2Fwp%2Fv2%2Ftags&post=91806"}],"curies":[{"name":"wp","href":"https:\/\/api.w.org\/{rel}","templated":true}]}}