{"id":91800,"date":"2018-02-14T20:46:14","date_gmt":"2018-02-14T22:46:14","guid":{"rendered":"http:\/\/diarioregionaljf.com.br\/2018\/02\/14\/com-cobrancas-de-lateral-com-as-maos-fifa-aprova-novas-regras-no-futsal\/"},"modified":"2018-02-14T20:46:14","modified_gmt":"2018-02-14T22:46:14","slug":"com-cobrancas-de-lateral-com-as-maos-fifa-aprova-novas-regras-no-futsal","status":"publish","type":"post","link":"https:\/\/diarioregionaldigital.com.br\/?p=91800","title":{"rendered":"Com cobran\u00e7as de lateral com as m\u00e3os, Fifa aprova novas regras no futsal"},"content":{"rendered":"<p>A \u00faltima semana pode ter sido muito importante para os rumos que tomar\u00e1 o futsal. Novas regras foram aprovadas pela Fifa, entidade maior do esporte, e o jogo poder\u00e1 sofrer altera\u00e7\u00f5es significativas caso as mesmas sejam homologadas. Como por exemplo, a cobran\u00e7a de lateral, que at\u00e9 ent\u00e3o s\u00f3 pode ser feita com os p\u00e9s, passaria a ser feita com as m\u00e3os, de acordo com a inten\u00e7\u00e3o do jogador.<\/p>\n<p>Al\u00e9m desta, mais tr\u00eas propostas de mudan\u00e7a foram aprovadas pelo \u00f3rg\u00e3o regente do futebol, em uma reuni\u00e3o realizada durante a disputa da Uefa Euro de Futsal, na Eslov\u00eania. O uso do goleiro-linha tamb\u00e9m poder\u00e1 sofrer altera\u00e7\u00f5es, j\u00e1 que apenas a equipe perdedora poder\u00e1 coloc\u00e1-lo em quadra. Outra regra a ser introduzida, mas que j\u00e1 existiu no futsal, \u00e9 a da reposi\u00e7\u00e3o de bola dos goleiros, que n\u00e3o poderiam lan\u00e7\u00e1-la direto ao campo de ataque. A \u00faltima altera\u00e7\u00e3o ocorreria na decis\u00e3o por p\u00eanaltis, em que seriam disputadas s\u00e9ries de cinco cobran\u00e7as, como no futebol de campo, e n\u00e3o tr\u00eas como atualmente.<\/p>\n<p>Representado pelo presidente da Confedera\u00e7\u00e3o Brasileira de Futsal (CBFS), Marcos Madeira, o Brasil se posicionou contra apenas \u00e0 regra da cobran\u00e7a de laterais. Em rela\u00e7\u00e3o a esta, a Fifa alega que a medida poder\u00e1 contribuir para o aumento do n\u00famero de gols em uma partida de futsal.<\/p>\n","protected":false},"excerpt":{"rendered":"<p>A \u00faltima semana pode ter sido muito importante para os rumos que tomar\u00e1 o futsal. Novas regras foram aprovadas pela Fifa, entidade maior do esporte, e o jogo poder\u00e1 sofrer altera\u00e7\u00f5es significativas caso as mesmas sejam homologadas. Como por exemplo, a cobran\u00e7a de lateral, que at\u00e9 ent\u00e3o s\u00f3 pode ser feita com os p\u00e9s, passaria [&hellip;]<\/p>\n","protected":false},"author":96,"featured_media":91799,"comment_status":"closed","ping_status":"closed","sticky":false,"template":"","format":"standard","meta":{"footnotes":""},"categories":[257],"tags":[],"class_list":["post-91800","post","type-post","status-publish","format-standard","has-post-thumbnail","hentry","category-esporte"],"_links":{"self":[{"href":"https:\/\/diarioregionaldigital.com.br\/index.php?rest_route=\/wp\/v2\/posts\/91800","targetHints":{"allow":["GET"]}}],"collection":[{"href":"https:\/\/diarioregionaldigital.com.br\/index.php?rest_route=\/wp\/v2\/posts"}],"about":[{"href":"https:\/\/diarioregionaldigital.com.br\/index.php?rest_route=\/wp\/v2\/types\/post"}],"author":[{"embeddable":true,"href":"https:\/\/diarioregionaldigital.com.br\/index.php?rest_route=\/wp\/v2\/users\/96"}],"replies":[{"embeddable":true,"href":"https:\/\/diarioregionaldigital.com.br\/index.php?rest_route=%2Fwp%2Fv2%2Fcomments&post=91800"}],"version-history":[{"count":0,"href":"https:\/\/diarioregionaldigital.com.br\/index.php?rest_route=\/wp\/v2\/posts\/91800\/revisions"}],"wp:featuredmedia":[{"embeddable":true,"href":"https:\/\/diarioregionaldigital.com.br\/index.php?rest_route=\/wp\/v2\/media\/91799"}],"wp:attachment":[{"href":"https:\/\/diarioregionaldigital.com.br\/index.php?rest_route=%2Fwp%2Fv2%2Fmedia&parent=91800"}],"wp:term":[{"taxonomy":"category","embeddable":true,"href":"https:\/\/diarioregionaldigital.com.br\/index.php?rest_route=%2Fwp%2Fv2%2Fcategories&post=91800"},{"taxonomy":"post_tag","embeddable":true,"href":"https:\/\/diarioregionaldigital.com.br\/index.php?rest_route=%2Fwp%2Fv2%2Ftags&post=91800"}],"curies":[{"name":"wp","href":"https:\/\/api.w.org\/{rel}","templated":true}]}}