{"id":91798,"date":"2018-02-14T14:58:52","date_gmt":"2018-02-14T16:58:52","guid":{"rendered":"http:\/\/diarioregionaljf.com.br\/2018\/02\/14\/mercado-financeiro-reduz-projecao-de-inflacao-para-3-84-neste-ano\/"},"modified":"2018-02-14T14:58:52","modified_gmt":"2018-02-14T16:58:52","slug":"mercado-financeiro-reduz-projecao-de-inflacao-para-3-84-neste-ano","status":"publish","type":"post","link":"https:\/\/diarioregionaldigital.com.br\/?p=91798","title":{"rendered":"Mercado financeiro reduz proje\u00e7\u00e3o de infla\u00e7\u00e3o para 3,84% neste ano"},"content":{"rendered":"<p>O mercado financeiro reduziu pela segunda semana seguida a proje\u00e7\u00e3o para a infla\u00e7\u00e3o neste ano. A estimativa para o \u00cdndice Nacional de Pre\u00e7os ao Consumidor Amplo (IPCA) caiu de 3,94% para 3,84%, de acordo com o boletim Focus, publica\u00e7\u00e3o semanal do Banco Central (BC) sobre os principais indicadores econ\u00f4micos.<\/p>\n<p>A proje\u00e7\u00e3o segue abaixo do centro da meta de 4,5%, mas acima do limite inferior de 3%. Para 2019, a estimativa para a infla\u00e7\u00e3o est\u00e1 no centro da meta, em 4,25%.<\/p>\n<p>&nbsp;<\/p>\n<h4>TAXA B\u00c1SICA DE JUROS<\/h4>\n<p>Para alcan\u00e7ar a meta, o banco usa como principal instrumento a taxa b\u00e1sica de juros, a Selic, atualmente em 6,75% ao ano. Quando o Copom aumenta a Selic, a meta \u00e9 conter a demanda aquecida, e isso gera reflexos nos pre\u00e7os, porque os juros mais altos encarecem o cr\u00e9dito e estimulam a poupan\u00e7a. Quando o Copom diminui os juros b\u00e1sicos, a tend\u00eancia \u00e9 que o cr\u00e9dito fique mais barato, com incentivo \u00e0 produ\u00e7\u00e3o e ao consumo, reduzindo o controle sobre a infla\u00e7\u00e3o.<br \/>De acordo com a previs\u00e3o das institui\u00e7\u00f5es financeiras, a Selic encerrar\u00e1 2018 no atual patamar e subir\u00e1 ao longo de 2019, encerrando o per\u00edodo em 8% ao ano.<\/p>\n<p>&nbsp;<\/p>\n<h4>ATIVIDADE ECON\u00d4MICA<\/h4>\n<p>A estimativa do mercado financeiro para a expans\u00e3o do Produto Interno Bruto (PIB), soma de todos os bens e servi\u00e7os produzidos no pa\u00eds, permanece em 2,70%, neste ano, e em 3%, em 2019.<\/p>\n<p>&nbsp;<\/p>\n<h4>D\u00d3LAR<\/h4>\n<p>A estimativa para a cota\u00e7\u00e3o do d\u00f3lar ao final de 2018 segue em R$3,30. Para o fim de 2019, a proje\u00e7\u00e3o passou de R$3,40 para R$3,39.<\/p>\n<p>&nbsp;<\/p>\n<h4>ENDIVIDAMENTO P\u00daBLICO<\/h4>\n<p>A institui\u00e7\u00f5es financeiras tamb\u00e9m projetam que a d\u00edvida l\u00edquida do setor p\u00fablico deve encerrar 2018 em 55,5% do PIB. Para o fim de 2019, a proje\u00e7\u00e3o \u00e9 57,9% do PIB.<\/p>\n<p>&nbsp;<\/p>\n<p>Fonte: Ag\u00eancia Brasil<\/p>\n","protected":false},"excerpt":{"rendered":"<p>O mercado financeiro reduziu pela segunda semana seguida a proje\u00e7\u00e3o para a infla\u00e7\u00e3o neste ano. A estimativa para o \u00cdndice Nacional de Pre\u00e7os ao Consumidor Amplo (IPCA) caiu de 3,94% para 3,84%, de acordo com o boletim Focus, publica\u00e7\u00e3o semanal do Banco Central (BC) sobre os principais indicadores econ\u00f4micos. A proje\u00e7\u00e3o segue abaixo do centro [&hellip;]<\/p>\n","protected":false},"author":96,"featured_media":91797,"comment_status":"closed","ping_status":"closed","sticky":false,"template":"","format":"standard","meta":{"footnotes":""},"categories":[261],"tags":[],"class_list":["post-91798","post","type-post","status-publish","format-standard","has-post-thumbnail","hentry","category-economia"],"_links":{"self":[{"href":"https:\/\/diarioregionaldigital.com.br\/index.php?rest_route=\/wp\/v2\/posts\/91798","targetHints":{"allow":["GET"]}}],"collection":[{"href":"https:\/\/diarioregionaldigital.com.br\/index.php?rest_route=\/wp\/v2\/posts"}],"about":[{"href":"https:\/\/diarioregionaldigital.com.br\/index.php?rest_route=\/wp\/v2\/types\/post"}],"author":[{"embeddable":true,"href":"https:\/\/diarioregionaldigital.com.br\/index.php?rest_route=\/wp\/v2\/users\/96"}],"replies":[{"embeddable":true,"href":"https:\/\/diarioregionaldigital.com.br\/index.php?rest_route=%2Fwp%2Fv2%2Fcomments&post=91798"}],"version-history":[{"count":0,"href":"https:\/\/diarioregionaldigital.com.br\/index.php?rest_route=\/wp\/v2\/posts\/91798\/revisions"}],"wp:featuredmedia":[{"embeddable":true,"href":"https:\/\/diarioregionaldigital.com.br\/index.php?rest_route=\/wp\/v2\/media\/91797"}],"wp:attachment":[{"href":"https:\/\/diarioregionaldigital.com.br\/index.php?rest_route=%2Fwp%2Fv2%2Fmedia&parent=91798"}],"wp:term":[{"taxonomy":"category","embeddable":true,"href":"https:\/\/diarioregionaldigital.com.br\/index.php?rest_route=%2Fwp%2Fv2%2Fcategories&post=91798"},{"taxonomy":"post_tag","embeddable":true,"href":"https:\/\/diarioregionaldigital.com.br\/index.php?rest_route=%2Fwp%2Fv2%2Ftags&post=91798"}],"curies":[{"name":"wp","href":"https:\/\/api.w.org\/{rel}","templated":true}]}}