{"id":91796,"date":"2018-02-14T14:49:25","date_gmt":"2018-02-14T16:49:25","guid":{"rendered":"http:\/\/diarioregionaljf.com.br\/2018\/02\/14\/base-governista-intensifica-articulacao-pela-reforma-da-previdencia\/"},"modified":"2018-02-14T14:49:25","modified_gmt":"2018-02-14T16:49:25","slug":"base-governista-intensifica-articulacao-pela-reforma-da-previdencia","status":"publish","type":"post","link":"https:\/\/diarioregionaldigital.com.br\/?p=91796","title":{"rendered":"Base governista intensifica articula\u00e7\u00e3o pela reforma da Previd\u00eancia"},"content":{"rendered":"<p>Com o fim do carnaval, os l\u00edderes de partidos da base governista se preparam para retomar as articula\u00e7\u00f5es para a vota\u00e7\u00e3o da reforma da Previd\u00eancia. A poucos dias da data marcada para in\u00edcio das discuss\u00f5es no plen\u00e1rio da C\u00e2mara, o governo ainda busca votos para alcan\u00e7ar o qu\u00f3rum m\u00ednimo para aprovar a emenda constitucional no Congresso.<\/p>\n<p>A vota\u00e7\u00e3o est\u00e1 prevista para come\u00e7ar na pr\u00f3xima ter\u00e7a-feira, 20, conforme cronograma definido no fim do ano passado pelo presidente da C\u00e2mara, Rodrigo Maia (DEM-RJ). No entanto, a proposta ainda n\u00e3o re\u00fane os 308 votos necess\u00e1rios entre os 513 deputados para ser aprovada em dois turnos de vota\u00e7\u00e3o na C\u00e2mara.<\/p>\n<p>Por se tratar de uma emenda constitucional, a maioria qualificada em dois turnos tamb\u00e9m \u00e9 exigida para aprova\u00e7\u00e3o no Senado, onde deve receber voto favor\u00e1vel de pelo menos 49 senadores. O texto que deve ser discutido em plen\u00e1rio foi apresentado pelo relator, o deputado Arthur Maia (PPS-BA), na semana passada. A expectativa \u00e9 de que a proposta, mais flex\u00edvel do que a apresentada inicialmente, possa atrair mais apoio em torno da reforma. Entre os pontos alterados est\u00e1 a manuten\u00e7\u00e3o da pens\u00e3o integral a vi\u00favas de policiais civis, federais e rodovi\u00e1rios federais mortos durante o trabalho.<\/p>\n<p>&nbsp;<\/p>\n<h4>EM BUSCA DA GARANTIA DE VOTOS<\/h4>\n<p>O l\u00edder do governo na C\u00e2mara, Aguinaldo Ribeiro (PP-PB), afirmou \u00e0 Ag\u00eancia Brasil que, at\u00e9 o fim de semana ser\u00e1 feita uma avalia\u00e7\u00e3o com os presidente Michel Temer, Rodrigo Maia e do Senado, Eun\u00edcio Oliveira (MDB-CE) para definir estrat\u00e9gias sobre o rito que deve ser seguido na pr\u00f3xima semana. Na opini\u00e3o do deputado, a emenda s\u00f3 deve ser colocada em aprecia\u00e7\u00e3o com a certeza de que ser\u00e1 aprovada.<\/p>\n<p>\u201cA minha avalia\u00e7\u00e3o \u00e9 que a gente tem que colocar em vota\u00e7\u00e3o com a garantia de votos. A gente n\u00e3o pode ir pra um risco. N\u00e3o \u00e9 nem uma quest\u00e3o de governo, \u00e9 uma quest\u00e3o do Estado brasileiro. Voc\u00ea impor uma derrota a uma mat\u00e9ria como essa n\u00e3o \u00e9 uma derrota do governo, \u00e9 uma derrota que acaba repercutindo mal para o pa\u00eds todo e acaba impondo san\u00e7\u00f5es que talvez sejam muito graves num momento como esse. \u00c9 melhor ter a prud\u00eancia de colocar uma mat\u00e9ria como essa com a convic\u00e7\u00e3o de que n\u00f3s aprovaremos, como aconteceu com a trabalhista e outros temas\u201d, ressaltou Ribeiro.<\/p>\n<p>Questionado se o n\u00famero de votos melhorou depois da apresenta\u00e7\u00e3o do novo relat\u00f3rio, o l\u00edder sinalizou que n\u00e3o houve mudan\u00e7as devido \u00e0 dispers\u00e3o causada pelo carnaval. Ele explicou que tanto a contabilidade quanto a avalia\u00e7\u00e3o de novas demandas em torno do texto devem se intensificar a partir de agora, quando a base for \u201creaglutinada\u201d depois do feriado prolongado.<\/p>\n<p>O vice-l\u00edder do governo na C\u00e2mara, Beto Mansur (PRB-SP), disse que empres\u00e1rios ainda est\u00e3o em negocia\u00e7\u00e3o com governadores e prefeitos e que a base continua trabalhando pela aprova\u00e7\u00e3o da proposta. \u201cEst\u00e1 todo mundo na batalha, trabalhando. A gente estava com 270 [votos], est\u00e1 todo mundo muito empenhado de virar voto, vamos ver o que \u00e9 que vai resultar\u201d, afirmou Mansur.<\/p>\n<p>&nbsp;<\/p>\n<p>Fonte: Ag\u00eancia Brasil<\/p>\n","protected":false},"excerpt":{"rendered":"<p>Com o fim do carnaval, os l\u00edderes de partidos da base governista se preparam para retomar as articula\u00e7\u00f5es para a vota\u00e7\u00e3o da reforma da Previd\u00eancia. A poucos dias da data marcada para in\u00edcio das discuss\u00f5es no plen\u00e1rio da C\u00e2mara, o governo ainda busca votos para alcan\u00e7ar o qu\u00f3rum m\u00ednimo para aprovar a emenda constitucional no [&hellip;]<\/p>\n","protected":false},"author":96,"featured_media":91795,"comment_status":"closed","ping_status":"closed","sticky":false,"template":"","format":"standard","meta":{"footnotes":""},"categories":[254],"tags":[],"class_list":["post-91796","post","type-post","status-publish","format-standard","has-post-thumbnail","hentry","category-politica"],"_links":{"self":[{"href":"https:\/\/diarioregionaldigital.com.br\/index.php?rest_route=\/wp\/v2\/posts\/91796","targetHints":{"allow":["GET"]}}],"collection":[{"href":"https:\/\/diarioregionaldigital.com.br\/index.php?rest_route=\/wp\/v2\/posts"}],"about":[{"href":"https:\/\/diarioregionaldigital.com.br\/index.php?rest_route=\/wp\/v2\/types\/post"}],"author":[{"embeddable":true,"href":"https:\/\/diarioregionaldigital.com.br\/index.php?rest_route=\/wp\/v2\/users\/96"}],"replies":[{"embeddable":true,"href":"https:\/\/diarioregionaldigital.com.br\/index.php?rest_route=%2Fwp%2Fv2%2Fcomments&post=91796"}],"version-history":[{"count":0,"href":"https:\/\/diarioregionaldigital.com.br\/index.php?rest_route=\/wp\/v2\/posts\/91796\/revisions"}],"wp:featuredmedia":[{"embeddable":true,"href":"https:\/\/diarioregionaldigital.com.br\/index.php?rest_route=\/wp\/v2\/media\/91795"}],"wp:attachment":[{"href":"https:\/\/diarioregionaldigital.com.br\/index.php?rest_route=%2Fwp%2Fv2%2Fmedia&parent=91796"}],"wp:term":[{"taxonomy":"category","embeddable":true,"href":"https:\/\/diarioregionaldigital.com.br\/index.php?rest_route=%2Fwp%2Fv2%2Fcategories&post=91796"},{"taxonomy":"post_tag","embeddable":true,"href":"https:\/\/diarioregionaldigital.com.br\/index.php?rest_route=%2Fwp%2Fv2%2Ftags&post=91796"}],"curies":[{"name":"wp","href":"https:\/\/api.w.org\/{rel}","templated":true}]}}