{"id":91790,"date":"2018-02-14T13:30:40","date_gmt":"2018-02-14T15:30:40","guid":{"rendered":"http:\/\/diarioregionaljf.com.br\/2018\/02\/14\/resultado-da-primeira-chamada-do-prouni-ja-esta-disponivel-na-internet\/"},"modified":"2018-02-14T13:30:40","modified_gmt":"2018-02-14T15:30:40","slug":"resultado-da-primeira-chamada-do-prouni-ja-esta-disponivel-na-internet","status":"publish","type":"post","link":"https:\/\/diarioregionaldigital.com.br\/?p=91790","title":{"rendered":"Resultado da primeira chamada do ProUni j\u00e1 est\u00e1 dispon\u00edvel na internet"},"content":{"rendered":"<p>O resultado da primeira chamada do Programa Universidade para Todos (ProUni) foi divulgado hoje,14, <a href=\"http:\/\/siteprouni.mec.gov.br\/\" target=\"_blank\" rel=\"noopener noreferrer\">na internet<\/a>. Os candidatos pr\u00e9-selecionados t\u00eam at\u00e9 o pr\u00f3ximo dia 23 para apresentar nas institui\u00e7\u00f5es de ensino os documentos que comprovem as informa\u00e7\u00f5es prestadas no momento da inscri\u00e7\u00e3o.<\/p>\n<p>Ap\u00f3s conferir o resultado do ProUni, o candidato pr\u00e9-selecionado deve verificar na institui\u00e7\u00e3o os hor\u00e1rios e o local de comparecimento para apresentar as informa\u00e7\u00f5es necess\u00e1rias. A perda do prazo ou a n\u00e3o comprova\u00e7\u00e3o das informa\u00e7\u00f5es implicar\u00e1, automaticamente, a reprova\u00e7\u00e3o. A lista com a documenta\u00e7\u00e3o a ser apresentada est\u00e1 dispon\u00edvel na p\u00e1gina do programa.<\/p>\n<p>Para quem n\u00e3o foi pr\u00e9-selecionado ainda haver\u00e1 a segunda chamada a ser divulgada no dia 2 de mar\u00e7o.<\/p>\n<p>O ProUni seleciona estudantes para receber bolsas de estudo integrais e parciais em institui\u00e7\u00f5es particulares de ensino superior com base na nota do Exame Nacional do Ensino M\u00e9dio (Enem). Nesta edi\u00e7\u00e3o, ser\u00e3o ofertadas 242.987 bolsas de estudo entre integrais e parciais.<\/p>\n<p>As integrais s\u00e3o destinadas aos estudantes com renda per capita de at\u00e9 um sal\u00e1rio m\u00ednimo e meio. J\u00e1 as bolsas parciais atendem aos candidatos que tenham renda familiar per capita de at\u00e9 tr\u00eas sal\u00e1rios m\u00ednimos.<\/p>\n<p>&nbsp;<\/p>\n<p>Fonte: Ag\u00eancia Brasil<\/p>\n","protected":false},"excerpt":{"rendered":"<p>O resultado da primeira chamada do Programa Universidade para Todos (ProUni) foi divulgado hoje,14, na internet. Os candidatos pr\u00e9-selecionados t\u00eam at\u00e9 o pr\u00f3ximo dia 23 para apresentar nas institui\u00e7\u00f5es de ensino os documentos que comprovem as informa\u00e7\u00f5es prestadas no momento da inscri\u00e7\u00e3o. Ap\u00f3s conferir o resultado do ProUni, o candidato pr\u00e9-selecionado deve verificar na institui\u00e7\u00e3o [&hellip;]<\/p>\n","protected":false},"author":96,"featured_media":91789,"comment_status":"closed","ping_status":"closed","sticky":false,"template":"","format":"standard","meta":{"footnotes":""},"categories":[302],"tags":[],"class_list":["post-91790","post","type-post","status-publish","format-standard","has-post-thumbnail","hentry","category-brasil-mundo"],"_links":{"self":[{"href":"https:\/\/diarioregionaldigital.com.br\/index.php?rest_route=\/wp\/v2\/posts\/91790","targetHints":{"allow":["GET"]}}],"collection":[{"href":"https:\/\/diarioregionaldigital.com.br\/index.php?rest_route=\/wp\/v2\/posts"}],"about":[{"href":"https:\/\/diarioregionaldigital.com.br\/index.php?rest_route=\/wp\/v2\/types\/post"}],"author":[{"embeddable":true,"href":"https:\/\/diarioregionaldigital.com.br\/index.php?rest_route=\/wp\/v2\/users\/96"}],"replies":[{"embeddable":true,"href":"https:\/\/diarioregionaldigital.com.br\/index.php?rest_route=%2Fwp%2Fv2%2Fcomments&post=91790"}],"version-history":[{"count":0,"href":"https:\/\/diarioregionaldigital.com.br\/index.php?rest_route=\/wp\/v2\/posts\/91790\/revisions"}],"wp:featuredmedia":[{"embeddable":true,"href":"https:\/\/diarioregionaldigital.com.br\/index.php?rest_route=\/wp\/v2\/media\/91789"}],"wp:attachment":[{"href":"https:\/\/diarioregionaldigital.com.br\/index.php?rest_route=%2Fwp%2Fv2%2Fmedia&parent=91790"}],"wp:term":[{"taxonomy":"category","embeddable":true,"href":"https:\/\/diarioregionaldigital.com.br\/index.php?rest_route=%2Fwp%2Fv2%2Fcategories&post=91790"},{"taxonomy":"post_tag","embeddable":true,"href":"https:\/\/diarioregionaldigital.com.br\/index.php?rest_route=%2Fwp%2Fv2%2Ftags&post=91790"}],"curies":[{"name":"wp","href":"https:\/\/api.w.org\/{rel}","templated":true}]}}