{"id":91788,"date":"2018-02-14T13:22:03","date_gmt":"2018-02-14T15:22:03","guid":{"rendered":"http:\/\/diarioregionaljf.com.br\/2018\/02\/14\/escola-de-saude-publica-credencia-profissionais-para-o-curso-tecnico-em-enfermagem\/"},"modified":"2018-02-14T13:22:03","modified_gmt":"2018-02-14T15:22:03","slug":"escola-de-saude-publica-credencia-profissionais-para-o-curso-tecnico-em-enfermagem","status":"publish","type":"post","link":"https:\/\/diarioregionaldigital.com.br\/?p=91788","title":{"rendered":"Escola de Sa\u00fade P\u00fablica credencia profissionais para o curso T\u00e9cnico em Enfermagem"},"content":{"rendered":"<p>A Escola de Sa\u00fade P\u00fablica do Estado de Minas Gerais (ESP-MG) est\u00e1 com edital (<a href=\"http:\/\/www.esp.mg.gov.br\/images\/documentos\/Edital%20002%202018%20Docentes%20Tec%20Enfermagem.pdf\" target=\"_blank\" rel=\"noopener noreferrer\">02\/2018<\/a>) aberto para a sele\u00e7\u00e3o de docentes para o curso T\u00e9cnico em Enfermagem. As vagas s\u00e3o destinadas aos profissionais com forma\u00e7\u00e3o em Enfermagem, com experi\u00eancia em doc\u00eancia e como Enfermeiro. As aulas e outras atividades ser\u00e3o em Belo Horizonte.<\/p>\n<p>O curso tem por objetivo formar T\u00e9cnicos de Enfermagem, habilitando os profissionais Auxiliares de Enfermagem j\u00e1 inseridos e atuantes no Sistema \u00danico de Sa\u00fade (SUS), e \u00e9 desenvolvido alternando per\u00edodos de concentra\u00e7\u00e3o (aulas te\u00f3ricas) e dispers\u00e3o (pr\u00e1tica supervisionada), utilizando a metodologia de integra\u00e7\u00e3o ensino-servi\u00e7o.<\/p>\n<p>As inscri\u00e7\u00f5es devem ser realizadas at\u00e9 5 de maro de 2018 por meio dos links:<\/p>\n<p>\u2022 Docente de Dispers\u00e3o\/Est\u00e1gio (DD4): <a href=\"https:\/\/goo.gl\/forms\/S2naxkKwO2l3PasB2\">https:\/\/goo.gl\/forms\/S2naxkKwO2l3PasB2<\/a><\/p>\n<p>\u2022 Docente de Concentra\u00e7\u00e3o (DC5) &#8211; <a href=\"https:\/\/goo.gl\/forms\/kAMGyi2xNUoPN6Rl2\">https:\/\/goo.gl\/forms\/kAMGyi2xNUoPN6Rl2<\/a><\/p>\n<p>\u2022 Docente de Dispers\u00e3o\/Est\u00e1gio (DD5) &#8211; <a href=\"https:\/\/goo.gl\/forms\/A6VakhRFzTYdGhLL2\">https:\/\/goo.gl\/forms\/A6VakhRFzTYdGhLL2<\/a><\/p>\n<p>&nbsp;<\/p>\n<p>Fonte: Assessoria<\/p>\n","protected":false},"excerpt":{"rendered":"<p>A Escola de Sa\u00fade P\u00fablica do Estado de Minas Gerais (ESP-MG) est\u00e1 com edital (02\/2018) aberto para a sele\u00e7\u00e3o de docentes para o curso T\u00e9cnico em Enfermagem. As vagas s\u00e3o destinadas aos profissionais com forma\u00e7\u00e3o em Enfermagem, com experi\u00eancia em doc\u00eancia e como Enfermeiro. As aulas e outras atividades ser\u00e3o em Belo Horizonte. O curso [&hellip;]<\/p>\n","protected":false},"author":96,"featured_media":91787,"comment_status":"closed","ping_status":"closed","sticky":false,"template":"","format":"standard","meta":{"footnotes":""},"categories":[280],"tags":[],"class_list":["post-91788","post","type-post","status-publish","format-standard","has-post-thumbnail","hentry","category-concurso"],"_links":{"self":[{"href":"https:\/\/diarioregionaldigital.com.br\/index.php?rest_route=\/wp\/v2\/posts\/91788","targetHints":{"allow":["GET"]}}],"collection":[{"href":"https:\/\/diarioregionaldigital.com.br\/index.php?rest_route=\/wp\/v2\/posts"}],"about":[{"href":"https:\/\/diarioregionaldigital.com.br\/index.php?rest_route=\/wp\/v2\/types\/post"}],"author":[{"embeddable":true,"href":"https:\/\/diarioregionaldigital.com.br\/index.php?rest_route=\/wp\/v2\/users\/96"}],"replies":[{"embeddable":true,"href":"https:\/\/diarioregionaldigital.com.br\/index.php?rest_route=%2Fwp%2Fv2%2Fcomments&post=91788"}],"version-history":[{"count":0,"href":"https:\/\/diarioregionaldigital.com.br\/index.php?rest_route=\/wp\/v2\/posts\/91788\/revisions"}],"wp:featuredmedia":[{"embeddable":true,"href":"https:\/\/diarioregionaldigital.com.br\/index.php?rest_route=\/wp\/v2\/media\/91787"}],"wp:attachment":[{"href":"https:\/\/diarioregionaldigital.com.br\/index.php?rest_route=%2Fwp%2Fv2%2Fmedia&parent=91788"}],"wp:term":[{"taxonomy":"category","embeddable":true,"href":"https:\/\/diarioregionaldigital.com.br\/index.php?rest_route=%2Fwp%2Fv2%2Fcategories&post=91788"},{"taxonomy":"post_tag","embeddable":true,"href":"https:\/\/diarioregionaldigital.com.br\/index.php?rest_route=%2Fwp%2Fv2%2Ftags&post=91788"}],"curies":[{"name":"wp","href":"https:\/\/api.w.org\/{rel}","templated":true}]}}