{"id":91786,"date":"2018-02-14T13:11:32","date_gmt":"2018-02-14T15:11:32","guid":{"rendered":"http:\/\/diarioregionaljf.com.br\/2018\/02\/14\/batida-entre-ambulancia-e-veiculo-de-passeio-deixa-tres-mortos-na-br-267\/"},"modified":"2018-02-14T13:11:32","modified_gmt":"2018-02-14T15:11:32","slug":"batida-entre-ambulancia-e-veiculo-de-passeio-deixa-tres-mortos-na-br-267","status":"publish","type":"post","link":"https:\/\/diarioregionaldigital.com.br\/?p=91786","title":{"rendered":"Batida entre ambul\u00e2ncia e ve\u00edculo de passeio deixa tr\u00eas mortos na BR-267"},"content":{"rendered":"<p>Um jovem de 19 anos e duas jovens de 20 morreram ap\u00f3s colis\u00e3o entre um ve\u00edculo de passeio e uma ambul\u00e2ncia na BR-267, em Juiz de Fora, na madrugada desta quarta-feira, 14.<\/p>\n<p>De acordo com informa\u00e7\u00f5es do Corpo de Bombeiros, acionado para atender \u00e0 ocorr\u00eancia, as tr\u00eas v\u00edtimas fatais estavam no ve\u00edculo de passeio, com placas de Juiz de Fora. Outros dois ocupantes do carro, de 18 e 21 anos, foram retirados com vida e transportados pelo Servi\u00e7o de Atendimento M\u00f3vel de Urg\u00eancia (SAMU) ao Hospital de Pronto Socorro (HPS).<\/p>\n<p>Ainda de acordo com a corpora\u00e7\u00e3o, na ambul\u00e2ncia (placas de Cataguases) haviam tr\u00eas ocupantes. O motorista j\u00e1 se encontrava fora do ve\u00edculo quando os bombeiros chegaram ao local do acidente e estava sem ferimentos aparentes. Os demais j\u00e1 haviam sido resgatados e transportados pelo SAMU. Segundo informa\u00e7\u00f5es da Pol\u00edcia Rodovi\u00e1ria Federal (PRF), eles tamb\u00e9m foram encaminhados ao HPS, um deles com les\u00f5es graves.<\/p>\n<p>A Pol\u00edcia Militar (PM) e a Pol\u00edcia Civil (PC) tamb\u00e9m atuaram na ocorr\u00eancia.<\/p>\n","protected":false},"excerpt":{"rendered":"<p>Um jovem de 19 anos e duas jovens de 20 morreram ap\u00f3s colis\u00e3o entre um ve\u00edculo de passeio e uma ambul\u00e2ncia na BR-267, em Juiz de Fora, na madrugada desta quarta-feira, 14. De acordo com informa\u00e7\u00f5es do Corpo de Bombeiros, acionado para atender \u00e0 ocorr\u00eancia, as tr\u00eas v\u00edtimas fatais estavam no ve\u00edculo de passeio, com [&hellip;]<\/p>\n","protected":false},"author":96,"featured_media":91785,"comment_status":"closed","ping_status":"closed","sticky":false,"template":"","format":"standard","meta":{"footnotes":""},"categories":[252],"tags":[],"class_list":["post-91786","post","type-post","status-publish","format-standard","has-post-thumbnail","hentry","category-regiao"],"_links":{"self":[{"href":"https:\/\/diarioregionaldigital.com.br\/index.php?rest_route=\/wp\/v2\/posts\/91786","targetHints":{"allow":["GET"]}}],"collection":[{"href":"https:\/\/diarioregionaldigital.com.br\/index.php?rest_route=\/wp\/v2\/posts"}],"about":[{"href":"https:\/\/diarioregionaldigital.com.br\/index.php?rest_route=\/wp\/v2\/types\/post"}],"author":[{"embeddable":true,"href":"https:\/\/diarioregionaldigital.com.br\/index.php?rest_route=\/wp\/v2\/users\/96"}],"replies":[{"embeddable":true,"href":"https:\/\/diarioregionaldigital.com.br\/index.php?rest_route=%2Fwp%2Fv2%2Fcomments&post=91786"}],"version-history":[{"count":0,"href":"https:\/\/diarioregionaldigital.com.br\/index.php?rest_route=\/wp\/v2\/posts\/91786\/revisions"}],"wp:featuredmedia":[{"embeddable":true,"href":"https:\/\/diarioregionaldigital.com.br\/index.php?rest_route=\/wp\/v2\/media\/91785"}],"wp:attachment":[{"href":"https:\/\/diarioregionaldigital.com.br\/index.php?rest_route=%2Fwp%2Fv2%2Fmedia&parent=91786"}],"wp:term":[{"taxonomy":"category","embeddable":true,"href":"https:\/\/diarioregionaldigital.com.br\/index.php?rest_route=%2Fwp%2Fv2%2Fcategories&post=91786"},{"taxonomy":"post_tag","embeddable":true,"href":"https:\/\/diarioregionaldigital.com.br\/index.php?rest_route=%2Fwp%2Fv2%2Ftags&post=91786"}],"curies":[{"name":"wp","href":"https:\/\/api.w.org\/{rel}","templated":true}]}}