{"id":91784,"date":"2018-02-14T12:45:21","date_gmt":"2018-02-14T14:45:21","guid":{"rendered":"http:\/\/diarioregionaljf.com.br\/2018\/02\/14\/homem-e-ameacado-com-faca-em-assalto-no-distrito-industrial\/"},"modified":"2018-02-14T12:45:21","modified_gmt":"2018-02-14T14:45:21","slug":"homem-e-ameacado-com-faca-em-assalto-no-distrito-industrial","status":"publish","type":"post","link":"https:\/\/diarioregionaldigital.com.br\/?p=91784","title":{"rendered":"Homem \u00e9 amea\u00e7ado com faca em assalto no Distrito Industrial"},"content":{"rendered":"<p>Um homem de 59 anos foi v\u00edtima de assalto no Distrito Industrial, zona Norte de Juiz de Fora, no in\u00edcio da tarde dessa ter\u00e7a-feira, 13.<\/p>\n<p>De acordo com informa\u00e7\u00f5es do Boletim de Ocorr\u00eancia (BO) da Pol\u00edcia Militar (PM), a v\u00edtima relatou que transitava pela Rua Ant\u00f4nio Sim\u00e3o Firjan, quando foi abordada pelo autor, armado com uma faca. O mesmo anunciou o assalto, subtraiu a quantia de R$7 e fugiu.<\/p>\n<p>Os militares realizaram rastreamento e conseguiram localizar o assaltante, um jovem de 18 anos. Ele foi preso e conduzido \u00e0 delegacia.<\/p>\n","protected":false},"excerpt":{"rendered":"<p>Um homem de 59 anos foi v\u00edtima de assalto no Distrito Industrial, zona Norte de Juiz de Fora, no in\u00edcio da tarde dessa ter\u00e7a-feira, 13. De acordo com informa\u00e7\u00f5es do Boletim de Ocorr\u00eancia (BO) da Pol\u00edcia Militar (PM), a v\u00edtima relatou que transitava pela Rua Ant\u00f4nio Sim\u00e3o Firjan, quando foi abordada pelo autor, armado com [&hellip;]<\/p>\n","protected":false},"author":96,"featured_media":91783,"comment_status":"closed","ping_status":"closed","sticky":false,"template":"","format":"standard","meta":{"footnotes":""},"categories":[301],"tags":[],"class_list":["post-91784","post","type-post","status-publish","format-standard","has-post-thumbnail","hentry","category-artigos-policiais"],"_links":{"self":[{"href":"https:\/\/diarioregionaldigital.com.br\/index.php?rest_route=\/wp\/v2\/posts\/91784","targetHints":{"allow":["GET"]}}],"collection":[{"href":"https:\/\/diarioregionaldigital.com.br\/index.php?rest_route=\/wp\/v2\/posts"}],"about":[{"href":"https:\/\/diarioregionaldigital.com.br\/index.php?rest_route=\/wp\/v2\/types\/post"}],"author":[{"embeddable":true,"href":"https:\/\/diarioregionaldigital.com.br\/index.php?rest_route=\/wp\/v2\/users\/96"}],"replies":[{"embeddable":true,"href":"https:\/\/diarioregionaldigital.com.br\/index.php?rest_route=%2Fwp%2Fv2%2Fcomments&post=91784"}],"version-history":[{"count":0,"href":"https:\/\/diarioregionaldigital.com.br\/index.php?rest_route=\/wp\/v2\/posts\/91784\/revisions"}],"wp:featuredmedia":[{"embeddable":true,"href":"https:\/\/diarioregionaldigital.com.br\/index.php?rest_route=\/wp\/v2\/media\/91783"}],"wp:attachment":[{"href":"https:\/\/diarioregionaldigital.com.br\/index.php?rest_route=%2Fwp%2Fv2%2Fmedia&parent=91784"}],"wp:term":[{"taxonomy":"category","embeddable":true,"href":"https:\/\/diarioregionaldigital.com.br\/index.php?rest_route=%2Fwp%2Fv2%2Fcategories&post=91784"},{"taxonomy":"post_tag","embeddable":true,"href":"https:\/\/diarioregionaldigital.com.br\/index.php?rest_route=%2Fwp%2Fv2%2Ftags&post=91784"}],"curies":[{"name":"wp","href":"https:\/\/api.w.org\/{rel}","templated":true}]}}