{"id":91782,"date":"2018-02-14T12:34:27","date_gmt":"2018-02-14T14:34:27","guid":{"rendered":"http:\/\/diarioregionaljf.com.br\/2018\/02\/14\/academicos-do-tatuape-e-bicampea-do-carnaval-de-sao-paulo\/"},"modified":"2018-02-14T12:34:27","modified_gmt":"2018-02-14T14:34:27","slug":"academicos-do-tatuape-e-bicampea-do-carnaval-de-sao-paulo","status":"publish","type":"post","link":"https:\/\/diarioregionaldigital.com.br\/?p=91782","title":{"rendered":"Acad\u00eamicos do Tatuap\u00e9 \u00e9 bicampe\u00e3 do carnaval de S\u00e3o Paulo"},"content":{"rendered":"<p>A escola de samba Acad\u00eamicos do Tatuap\u00e9 foi a grande campe\u00e3 do carnaval de S\u00e3o Paulo pelo segundo ano seguido. A escola apresentou na avenida o enredo \u201cMaranh\u00e3o, os Tambores v\u00e3o Ecoar na Terra da Encantaria\u201d, que contou a hist\u00f3ria do estado a partir das particularidades de seu povo, da riqueza cultural e das belezas naturais.<\/p>\n<p>A capital S\u00e3o Lu\u00eds mereceu tratamento especial, com destaque para a arquitetura singular, que une o casario colonial adornado de azulejos \u00e0s habita\u00e7\u00f5es populares t\u00edpicas.<\/p>\n<p>As notas foram lidas na tarde dessa ter\u00e7a-feira, 15, no Samb\u00f3dromo do Anhembi. A vice-campe\u00e3 foi a Mocidade Alegre com um enredo sobre a cantora Alcione. Celebrando os 70 anos da \u201cMarrom\u201d, o samba-enredo \u201cAlcione: a Voz Marrom Que N\u00e3o Deixa o Samba Morrer\u201d cantou a origem maranhense e diversas facetas da artista, como sua liga\u00e7\u00e3o com a escola de samba Mangueira, do Rio de Janeiro, al\u00e9m da participa\u00e7\u00e3o da cantora na luta contra a ditadura.<\/p>\n<p>Na \u00faltima e pen\u00faltima coloca\u00e7\u00e3o, as escolas Unidos do Peruche e Independente Tricolor foram rebaixadas para o Grupo de Acesso.<\/p>\n<p>O desfile das campe\u00e3s ser\u00e1 na sexta-feira, 16.<\/p>\n<h4>HIST\u00d3RIA<\/h4>\n<p>A Acad\u00eamicos do Tatuap\u00e9 surgiu em 1952, com o nome Unidos da Vila Izabel. Chegou ao terceiro lugar do carnaval em 1969 e 1970, mas em 1986 encerrou as atividades por cinco anos.<\/p>\n<p>Em 1991, a escola iniciou um processo de resgate que incluiu a sucessiva promo\u00e7\u00e3o pelos diversos grupos do carnaval at\u00e9 retornar ao Grupo Especial em 2004. Caiu em 2006 e retornou \u00e0 elite em 2013 para permanecer de vez.<\/p>\n<p>Em 2017, a agremia\u00e7\u00e3o havia vencido o carnaval paulistano com o enredo \u201cM\u00e3e \u00c1frica Conta a Sua Hist\u00f3ria: do Ber\u00e7o Sagrado da Humanidade \u00e0 Aben\u00e7oada Terra do Ouro\u201d.<\/p>\n<p>&nbsp;<\/p>\n<p>Fonte: Ag\u00eancia Brasil<\/p>\n","protected":false},"excerpt":{"rendered":"<p>A escola de samba Acad\u00eamicos do Tatuap\u00e9 foi a grande campe\u00e3 do carnaval de S\u00e3o Paulo pelo segundo ano seguido. A escola apresentou na avenida o enredo \u201cMaranh\u00e3o, os Tambores v\u00e3o Ecoar na Terra da Encantaria\u201d, que contou a hist\u00f3ria do estado a partir das particularidades de seu povo, da riqueza cultural e das belezas [&hellip;]<\/p>\n","protected":false},"author":96,"featured_media":91781,"comment_status":"closed","ping_status":"closed","sticky":false,"template":"","format":"standard","meta":{"footnotes":""},"categories":[256],"tags":[],"class_list":["post-91782","post","type-post","status-publish","format-standard","has-post-thumbnail","hentry","category-cultura"],"_links":{"self":[{"href":"https:\/\/diarioregionaldigital.com.br\/index.php?rest_route=\/wp\/v2\/posts\/91782","targetHints":{"allow":["GET"]}}],"collection":[{"href":"https:\/\/diarioregionaldigital.com.br\/index.php?rest_route=\/wp\/v2\/posts"}],"about":[{"href":"https:\/\/diarioregionaldigital.com.br\/index.php?rest_route=\/wp\/v2\/types\/post"}],"author":[{"embeddable":true,"href":"https:\/\/diarioregionaldigital.com.br\/index.php?rest_route=\/wp\/v2\/users\/96"}],"replies":[{"embeddable":true,"href":"https:\/\/diarioregionaldigital.com.br\/index.php?rest_route=%2Fwp%2Fv2%2Fcomments&post=91782"}],"version-history":[{"count":0,"href":"https:\/\/diarioregionaldigital.com.br\/index.php?rest_route=\/wp\/v2\/posts\/91782\/revisions"}],"wp:featuredmedia":[{"embeddable":true,"href":"https:\/\/diarioregionaldigital.com.br\/index.php?rest_route=\/wp\/v2\/media\/91781"}],"wp:attachment":[{"href":"https:\/\/diarioregionaldigital.com.br\/index.php?rest_route=%2Fwp%2Fv2%2Fmedia&parent=91782"}],"wp:term":[{"taxonomy":"category","embeddable":true,"href":"https:\/\/diarioregionaldigital.com.br\/index.php?rest_route=%2Fwp%2Fv2%2Fcategories&post=91782"},{"taxonomy":"post_tag","embeddable":true,"href":"https:\/\/diarioregionaldigital.com.br\/index.php?rest_route=%2Fwp%2Fv2%2Ftags&post=91782"}],"curies":[{"name":"wp","href":"https:\/\/api.w.org\/{rel}","templated":true}]}}