{"id":91780,"date":"2018-02-14T12:23:09","date_gmt":"2018-02-14T14:23:09","guid":{"rendered":"http:\/\/diarioregionaljf.com.br\/2018\/02\/14\/pm-apreende-plantacao-de-maconha-em-residencia-de-muriae\/"},"modified":"2018-02-14T12:23:09","modified_gmt":"2018-02-14T14:23:09","slug":"pm-apreende-plantacao-de-maconha-em-residencia-de-muriae","status":"publish","type":"post","link":"https:\/\/diarioregionaldigital.com.br\/?p=91780","title":{"rendered":"PM apreende planta\u00e7\u00e3o de maconha em resid\u00eancia de Muria\u00e9"},"content":{"rendered":"<p>A Pol\u00edcia Militar (PM) apreendeu p\u00e9s de maconha na noite dessa ter\u00e7a-feira, 13, em uma resid\u00eancia no bairro S\u00e3o Gotardo, em Muria\u00e9 (a cerca de 158 Km de Juiz de Fora). Tamb\u00e9m foram encontradas sementes e mudas da planta, al\u00e9m de por\u00e7\u00f5es prensadas da droga, prontas para a comercializa\u00e7\u00e3o. Tr\u00eas homens que estavam no im\u00f3vel no momento da abordagem policial foram presos.<\/p>\n<p>Segundo o Boletim de Ocorr\u00eancia (BO), a PM recebeu informa\u00e7\u00f5es an\u00f4nimas, atrav\u00e9s do Disque Den\u00fancia (n\u00famero 181), de que dois irm\u00e3os, moradores na Rua Professora Zirlene Aparecida A. de Carvalho, estariam cultivando e vendendo drogas em casa.<\/p>\n<p>Os militares foram at\u00e9 o local da den\u00fancia e avistaram alguns p\u00e9s de maconha plantados no quintal da resid\u00eancia. A PM fez contato com os irm\u00e3os suspeitos, que autorizaram a entrada dos policiais no im\u00f3vel. Foram encontrados 10 p\u00e9s de maconha e cinco mudas.<\/p>\n<p>Durante buscas os militares encontraram dentro de um quarto um pote com grande quantidade de maconha desidratada, um frasco com v\u00e1rias sementes da erva, uma barra da mesma droga, sacol\u00e9s e R$563 em dinheiro.<\/p>\n<p>Um terceiro suspeito foi encontrado dentro do im\u00f3vel. Segundo a PM, ele j\u00e1 tem passagem por tr\u00e1fico e h\u00e1 informa\u00e7\u00f5es que ele teria envolvimento com o mesmo tipo de crime.<\/p>\n<p>As drogas foram apreendidas e os tr\u00eas suspeitos presos e conduzidos \u00e0 Delegacia de plant\u00e3o da Pol\u00edcia Civil, no bairro Safira.<\/p>\n<p>&nbsp;<\/p>\n<p>Da reda\u00e7\u00e3o\/Colabora\u00e7\u00e3o R\u00e1dio Muria\u00e9<\/p>\n","protected":false},"excerpt":{"rendered":"<p>A Pol\u00edcia Militar (PM) apreendeu p\u00e9s de maconha na noite dessa ter\u00e7a-feira, 13, em uma resid\u00eancia no bairro S\u00e3o Gotardo, em Muria\u00e9 (a cerca de 158 Km de Juiz de Fora). Tamb\u00e9m foram encontradas sementes e mudas da planta, al\u00e9m de por\u00e7\u00f5es prensadas da droga, prontas para a comercializa\u00e7\u00e3o. Tr\u00eas homens que estavam no im\u00f3vel [&hellip;]<\/p>\n","protected":false},"author":96,"featured_media":91779,"comment_status":"closed","ping_status":"closed","sticky":false,"template":"","format":"standard","meta":{"footnotes":""},"categories":[252],"tags":[],"class_list":["post-91780","post","type-post","status-publish","format-standard","has-post-thumbnail","hentry","category-regiao"],"_links":{"self":[{"href":"https:\/\/diarioregionaldigital.com.br\/index.php?rest_route=\/wp\/v2\/posts\/91780","targetHints":{"allow":["GET"]}}],"collection":[{"href":"https:\/\/diarioregionaldigital.com.br\/index.php?rest_route=\/wp\/v2\/posts"}],"about":[{"href":"https:\/\/diarioregionaldigital.com.br\/index.php?rest_route=\/wp\/v2\/types\/post"}],"author":[{"embeddable":true,"href":"https:\/\/diarioregionaldigital.com.br\/index.php?rest_route=\/wp\/v2\/users\/96"}],"replies":[{"embeddable":true,"href":"https:\/\/diarioregionaldigital.com.br\/index.php?rest_route=%2Fwp%2Fv2%2Fcomments&post=91780"}],"version-history":[{"count":0,"href":"https:\/\/diarioregionaldigital.com.br\/index.php?rest_route=\/wp\/v2\/posts\/91780\/revisions"}],"wp:featuredmedia":[{"embeddable":true,"href":"https:\/\/diarioregionaldigital.com.br\/index.php?rest_route=\/wp\/v2\/media\/91779"}],"wp:attachment":[{"href":"https:\/\/diarioregionaldigital.com.br\/index.php?rest_route=%2Fwp%2Fv2%2Fmedia&parent=91780"}],"wp:term":[{"taxonomy":"category","embeddable":true,"href":"https:\/\/diarioregionaldigital.com.br\/index.php?rest_route=%2Fwp%2Fv2%2Fcategories&post=91780"},{"taxonomy":"post_tag","embeddable":true,"href":"https:\/\/diarioregionaldigital.com.br\/index.php?rest_route=%2Fwp%2Fv2%2Ftags&post=91780"}],"curies":[{"name":"wp","href":"https:\/\/api.w.org\/{rel}","templated":true}]}}