{"id":91774,"date":"2018-02-13T14:07:02","date_gmt":"2018-02-13T16:07:02","guid":{"rendered":"http:\/\/diarioregionaljf.com.br\/2018\/02\/13\/ufjf-abre-edital-para-contratacao-de-professor-visitante\/"},"modified":"2018-02-13T14:07:02","modified_gmt":"2018-02-13T16:07:02","slug":"ufjf-abre-edital-para-contratacao-de-professor-visitante","status":"publish","type":"post","link":"https:\/\/diarioregionaldigital.com.br\/?p=91774","title":{"rendered":"UFJF abre edital para contrata\u00e7\u00e3o de professor visitante"},"content":{"rendered":"<p>A Pr\u00f3-reitoria de Gest\u00e3o de Pessoas (Progepe), da Universidade Federal de Juiz de Fora (UFJF), publicou o edital 05\/2018, referente \u00e0 segunda chamada de inscri\u00e7\u00f5es para contrata\u00e7\u00e3o de professor visitante e\/ou professor visitante estrangeiro, com 11 vagas para os campi de Juiz de Fora e Governador Valadares.<\/p>\n<p>As inscri\u00e7\u00f5es devem ser feitas do dia 22 de fevereiro a 9 de mar\u00e7o de 2018. A carga hor\u00e1ria prevista \u00e9 de 40 horas semanais e exige dedica\u00e7\u00e3o exclusiva \u00e0 Universidade. Ao todo, s\u00e3o dez vagas para o campus de Juiz de Fora, para as faculdades de Economia, Educa\u00e7\u00e3o, Engenharia, Letras e Ci\u00eancias Exatas, e para o Instituto de Ci\u00eancias Humanas; e uma vaga para o campus de Governador Valadares, para o Instituto de Ci\u00eancias da Vida. <\/p>\n<p>Para mais informa\u00e7\u00f5es sobre as vagas acesse o edital <a href=\"http:\/\/www.ufjf.br\/concurso\/files\/2018\/01\/Edital-05.2018-2%C2%AA-chamada-sele%C3%A7%C3%A3o-professor-visitante-PFF.pdf\">clicando aqui<\/a>.<\/p>\n<p>O professor visitante dever\u00e1 atuar na melhoria da qualidade da p\u00f3s-gradua\u00e7\u00e3o, podendo ministrar aulas, orientar alunos, cooperar na elabora\u00e7\u00e3o de projetos de capta\u00e7\u00e3o de recursos nas ag\u00eancias nacionais e internacionais, bem como na produ\u00e7\u00e3o de artigos a serem submetidos a revistas de alto fator de impacto. O selecionado tamb\u00e9m dever\u00e1 ser capaz de expandir as atividades de internacionaliza\u00e7\u00e3o, viabilizar o interc\u00e2mbio cient\u00edfico e tecnol\u00f3gico e a participa\u00e7\u00e3o em redes de pesquisa \u2013 prioritariamente internacionais.<\/p>\n<p>De acordo com a pr\u00f3-reitora de P\u00f3s-gradua\u00e7\u00e3o e Pesquisa da UFJF, M\u00f4nica Ribeiro de Oliveira, a segunda chamada do edital de visitantes representa mais uma oportunidade oferecida aos programas de p\u00f3s-gradua\u00e7\u00e3o para atenderem \u00e0 Pol\u00edtica de Est\u00edmulo ao Interc\u00e2mbio Acad\u00eamico (Peia), por meio da qual foi autorizada uma vaga de professor visitante a cada programa da institui\u00e7\u00e3o. \u201cEssa pol\u00edtica representa um marco na p\u00f3s-gradua\u00e7\u00e3o da UFJF, ao possibilitar a inser\u00e7\u00e3o de docentes na&nbsp;universidade com grande experi\u00eancia em pesquisa e participa\u00e7\u00e3o em redes nacionais e internacionais\u201d, afirma.<\/p>\n<p>M\u00f4nica ainda destaca a contribui\u00e7\u00e3o da visita de professores estrangeiros para a Universidade. \u201cA chegada de docentes estrangeiros na UFJF nesse atual contexto \u00e9 estrat\u00e9gica. As universidades brasileiras est\u00e3o sendo estimuladas a se internacionalizarem e os recursos de fomento est\u00e3o sendo vinculados \u00e0 capacidade de estabelecimento de rela\u00e7\u00f5es e parcerias internacionais. Na primeira chamada do Edital, conseguimos contratar nove visitantes estrangeiros e temos expectativas de aumentar esta entrada com essa nova chamada.\u201d<\/p>\n<p>Fonte: Assessoria<\/p>\n","protected":false},"excerpt":{"rendered":"<p>A Pr\u00f3-reitoria de Gest\u00e3o de Pessoas (Progepe), da Universidade Federal de Juiz de Fora (UFJF), publicou o edital 05\/2018, referente \u00e0 segunda chamada de inscri\u00e7\u00f5es para contrata\u00e7\u00e3o de professor visitante e\/ou professor visitante estrangeiro, com 11 vagas para os campi de Juiz de Fora e Governador Valadares. As inscri\u00e7\u00f5es devem ser feitas do dia 22 [&hellip;]<\/p>\n","protected":false},"author":96,"featured_media":91773,"comment_status":"closed","ping_status":"closed","sticky":false,"template":"","format":"standard","meta":{"footnotes":""},"categories":[253],"tags":[],"class_list":["post-91774","post","type-post","status-publish","format-standard","has-post-thumbnail","hentry","category-cidade"],"_links":{"self":[{"href":"https:\/\/diarioregionaldigital.com.br\/index.php?rest_route=\/wp\/v2\/posts\/91774","targetHints":{"allow":["GET"]}}],"collection":[{"href":"https:\/\/diarioregionaldigital.com.br\/index.php?rest_route=\/wp\/v2\/posts"}],"about":[{"href":"https:\/\/diarioregionaldigital.com.br\/index.php?rest_route=\/wp\/v2\/types\/post"}],"author":[{"embeddable":true,"href":"https:\/\/diarioregionaldigital.com.br\/index.php?rest_route=\/wp\/v2\/users\/96"}],"replies":[{"embeddable":true,"href":"https:\/\/diarioregionaldigital.com.br\/index.php?rest_route=%2Fwp%2Fv2%2Fcomments&post=91774"}],"version-history":[{"count":0,"href":"https:\/\/diarioregionaldigital.com.br\/index.php?rest_route=\/wp\/v2\/posts\/91774\/revisions"}],"wp:featuredmedia":[{"embeddable":true,"href":"https:\/\/diarioregionaldigital.com.br\/index.php?rest_route=\/wp\/v2\/media\/91773"}],"wp:attachment":[{"href":"https:\/\/diarioregionaldigital.com.br\/index.php?rest_route=%2Fwp%2Fv2%2Fmedia&parent=91774"}],"wp:term":[{"taxonomy":"category","embeddable":true,"href":"https:\/\/diarioregionaldigital.com.br\/index.php?rest_route=%2Fwp%2Fv2%2Fcategories&post=91774"},{"taxonomy":"post_tag","embeddable":true,"href":"https:\/\/diarioregionaldigital.com.br\/index.php?rest_route=%2Fwp%2Fv2%2Ftags&post=91774"}],"curies":[{"name":"wp","href":"https:\/\/api.w.org\/{rel}","templated":true}]}}