{"id":91770,"date":"2018-02-13T13:31:05","date_gmt":"2018-02-13T15:31:05","guid":{"rendered":"http:\/\/diarioregionaljf.com.br\/2018\/02\/13\/governo-vai-empregar-medicos-venezuelanos-para-que-atendam-compatriotas\/"},"modified":"2018-02-13T13:31:05","modified_gmt":"2018-02-13T15:31:05","slug":"governo-vai-empregar-medicos-venezuelanos-para-que-atendam-compatriotas","status":"publish","type":"post","link":"https:\/\/diarioregionaldigital.com.br\/?p=91770","title":{"rendered":"Governo vai empregar m\u00e9dicos venezuelanos para que atendam compatriotas"},"content":{"rendered":"<p>A redistribui\u00e7\u00e3o dos venezuelanos que chegam no Brasil pela fronteira com Roraima para outros estados brasileiros vai focar na oferta de trabalho para que profissionais do pa\u00eds vizinho atendam aos pr\u00f3prios imigrantes. De acordo com o ministro da Justi\u00e7a, Torquato Jardim, a ideia \u00e9 promover uma certifica\u00e7\u00e3o do governo brasileiro para que os profissionais de sa\u00fade atendam \u201capenas aos venezuelanos\u201d.<\/p>\n<p>\u201cA experi\u00eancia piloto de interioriza\u00e7\u00e3o se iniciar\u00e1 em breve. Como j\u00e1 foi dito, 25% dos imigrantes alegam ter curso superior. A proposta \u00e9 que os m\u00e9dicos e enfermeiros atuariam, j\u00e1 que t\u00eam qualifica\u00e7\u00e3o profissional e legal na Venezuela para tratar de venezuelanos. Seria no \u00e2mbito de reconhecer aqui no Brasil [para atender] apenas os venezuelanos\u201d, disse Jardim, referindo-se tamb\u00e9m aos professores. As primeiras linhas do programa foram anunciadas pelo ministro na quinta-feira passada, 6.<\/p>\n<p>Com o objetivo de fornecer apoio aos munic\u00edpios roraimenses que t\u00eam recebido grande quantidade de imigrantes devido \u00e0 crise pol\u00edtica e econ\u00f4mica da Venezuela, o governo federal anunciou tamb\u00e9m que vai duplicar o efetivo dos pelot\u00f5es de fronteira e os postos de controle.<\/p>\n<p>O detalhamento foi feito durante a visita do presidente Michel Temer e outros ministros a Boa Vista, capital do estado, ap\u00f3s o acirramento da quest\u00e3o na semana passada, quando dois inc\u00eandios criminosos atingiram casas ocupadas por imigrantes venezuelanos.<\/p>\n<p>Os imigrantes viajam na tentativa de escapar da grave crise que assola o pa\u00eds vizinho, que sofre com desabastecimento generalizado de produtos e uma infla\u00e7\u00e3o que chega a 700% ao ano. Segundo c\u00e1lculos da Prefeitura de Boa Vista, capital do estado, j\u00e1 existem mais de 40 mil cidad\u00e3os venezuelanos na cidade, n\u00famero que representa mais do 10% da popula\u00e7\u00e3o local, de cerca de 330 mil habitantes.<\/p>\n<p>Segundo o ministro da Defesa, Raul Jungmann, a medida provis\u00f3ria anunciada por Temer no encontro com as autoridades locais vai permitir o atendimento das necessidades da situa\u00e7\u00e3o de \u201cemerg\u00eancia social\u201d pela qual passa o estado. Ele reconheceu que, embora o problema ocorra fisicamente em Roraima, as responsabilidades devem ser assumidas por todo o governo brasileiro.<\/p>\n<p>Al\u00e9m da duplica\u00e7\u00e3o dos efetivos, ser\u00e1 montado um \u201chospital de campanha\u201d em Pacaraima, cidade fronteiri\u00e7a, e novos centros de triagem ser\u00e3o constru\u00eddos pelas For\u00e7as Armadas, que passar\u00e3o a coordenar todos os trabalhos humanit\u00e1rios dos diversos \u00f3rg\u00e3os do governo federal.<\/p>\n<p>\u201cTodas as estruturas do estado, inclusive as federais que existem, est\u00e3o dimensionadas para uma situa\u00e7\u00e3o de normalidade, que j\u00e1 foi ultrapassada h\u00e1 bastante tempo. Vivemos uma emerg\u00eancia\u201d, afirmou o general S\u00e9rgio Etchegoyen, ministro do Gabinete de Seguran\u00e7a Institucional da Presid\u00eancia. De acordo com ele, &#8220;80% dos 12 pontos&#8221; com demandas do governo do estado est\u00e3o \u201cpraticamente resolvidos ou encaminhados\u201d.<\/p>\n<p>\u201cQuatro ou tr\u00eas pontos que sobram dependem de an\u00e1lise de outras possibilidades jur\u00eddicas. Mas as mais prementes, urgentes, est\u00e3o resolvidas\u201d, disse Etchegoyen.<\/p>\n<p>Fonte: Ag\u00eancia Brasil<\/p>\n","protected":false},"excerpt":{"rendered":"<p>A redistribui\u00e7\u00e3o dos venezuelanos que chegam no Brasil pela fronteira com Roraima para outros estados brasileiros vai focar na oferta de trabalho para que profissionais do pa\u00eds vizinho atendam aos pr\u00f3prios imigrantes. De acordo com o ministro da Justi\u00e7a, Torquato Jardim, a ideia \u00e9 promover uma certifica\u00e7\u00e3o do governo brasileiro para que os profissionais de [&hellip;]<\/p>\n","protected":false},"author":96,"featured_media":91769,"comment_status":"closed","ping_status":"closed","sticky":false,"template":"","format":"standard","meta":{"footnotes":""},"categories":[254],"tags":[],"class_list":["post-91770","post","type-post","status-publish","format-standard","has-post-thumbnail","hentry","category-politica"],"_links":{"self":[{"href":"https:\/\/diarioregionaldigital.com.br\/index.php?rest_route=\/wp\/v2\/posts\/91770","targetHints":{"allow":["GET"]}}],"collection":[{"href":"https:\/\/diarioregionaldigital.com.br\/index.php?rest_route=\/wp\/v2\/posts"}],"about":[{"href":"https:\/\/diarioregionaldigital.com.br\/index.php?rest_route=\/wp\/v2\/types\/post"}],"author":[{"embeddable":true,"href":"https:\/\/diarioregionaldigital.com.br\/index.php?rest_route=\/wp\/v2\/users\/96"}],"replies":[{"embeddable":true,"href":"https:\/\/diarioregionaldigital.com.br\/index.php?rest_route=%2Fwp%2Fv2%2Fcomments&post=91770"}],"version-history":[{"count":0,"href":"https:\/\/diarioregionaldigital.com.br\/index.php?rest_route=\/wp\/v2\/posts\/91770\/revisions"}],"wp:featuredmedia":[{"embeddable":true,"href":"https:\/\/diarioregionaldigital.com.br\/index.php?rest_route=\/wp\/v2\/media\/91769"}],"wp:attachment":[{"href":"https:\/\/diarioregionaldigital.com.br\/index.php?rest_route=%2Fwp%2Fv2%2Fmedia&parent=91770"}],"wp:term":[{"taxonomy":"category","embeddable":true,"href":"https:\/\/diarioregionaldigital.com.br\/index.php?rest_route=%2Fwp%2Fv2%2Fcategories&post=91770"},{"taxonomy":"post_tag","embeddable":true,"href":"https:\/\/diarioregionaldigital.com.br\/index.php?rest_route=%2Fwp%2Fv2%2Ftags&post=91770"}],"curies":[{"name":"wp","href":"https:\/\/api.w.org\/{rel}","templated":true}]}}