{"id":91764,"date":"2018-02-13T12:39:01","date_gmt":"2018-02-13T14:39:01","guid":{"rendered":"http:\/\/diarioregionaljf.com.br\/2018\/02\/13\/jovem-e-preso-apos-atirar-na-frente-da-casa-da-ex-namorada-em-alem-paraiba\/"},"modified":"2018-02-13T12:39:01","modified_gmt":"2018-02-13T14:39:01","slug":"jovem-e-preso-apos-atirar-na-frente-da-casa-da-ex-namorada-em-alem-paraiba","status":"publish","type":"post","link":"https:\/\/diarioregionaldigital.com.br\/?p=91764","title":{"rendered":"Jovem \u00e9 preso ap\u00f3s atirar na frente da casa da ex-namorada em Al\u00e9m Para\u00edba"},"content":{"rendered":"<p>Um jovem de 19 anos foi preso depois de efetuar um disparo de arma de fogo na frente da casa da ex-namorada no bairro Concei\u00e7\u00e3o, em Al\u00e9m Para\u00edba, nessa segunda-feira, 12. A Pol\u00edcia Militar (PM)&nbsp;localizou o suspeito no bairro Ilha do Lazareto e ap\u00f3s buscas em sua resid\u00eancia, mais de 300 pinos de coca\u00edna e uma arma de fogo foram apreendidos. <\/p>\n<p> De acordo com informa\u00e7\u00f5es da PM, por volta das 16h00 dessa segunda&nbsp;o rapaz foi at\u00e9 a casa da ex-namorada para amea\u00e7\u00e1-la. A m\u00e3e da jovem n\u00e3o permitiu a entrada do indiv\u00edduo na resid\u00eancia, momento em que ele sacou um rev\u00f3lver e realizou um disparo na dire\u00e7\u00e3o da janela do quarto da jovem, de 19 anos, dizendo que iria dar um tiro na cara dela. Em seguida ele fugiu do local. <\/p>\n<p> Os policiais militares foram acionados e realizaram intenso rastreamento pelas imedia\u00e7\u00f5es. \u00c0s 21h00, um militar de folga localizou o autor do disparo e acionou uma equipe da 52\u00aa CIA PM de Al\u00e9m Para\u00edba. O jovem foi abordado na Rua Arnaldo Fernando Alves, e com ele foram apreendidos dois pinos de coca\u00edna, al\u00e9m da quantia de R$91 e um soco ingl\u00eas. Durante buscas em sua resid\u00eancia, foram localizados um rev\u00f3lver calibre 38 com numera\u00e7\u00e3o raspada, nove muni\u00e7\u00f5es intactas, uma muni\u00e7\u00e3o deflagrada, 302 pinos de coca\u00edna, grande por\u00e7\u00e3o de subst\u00e2ncia parecida com coca\u00edna e 5 r\u00e1dios comunicadores. Ele foi preso por amea\u00e7a, tr\u00e1fico de drogas e posse ilegal de arma de fogo.<\/p>\n<p> O jovem e todo o material apreendido foram encaminhados para a Delegacia Regional da Pol\u00edcia Civil em Leopoldina. O ve\u00edculo em que ele estava foi apreendido e removido para o p\u00e1tio credenciado junto ao Detran\/MG de Al\u00e9m Para\u00edba. <\/p>\n<p>Fonte: O Vigilante Online<\/p>\n","protected":false},"excerpt":{"rendered":"<p>Um jovem de 19 anos foi preso depois de efetuar um disparo de arma de fogo na frente da casa da ex-namorada no bairro Concei\u00e7\u00e3o, em Al\u00e9m Para\u00edba, nessa segunda-feira, 12. A Pol\u00edcia Militar (PM)&nbsp;localizou o suspeito no bairro Ilha do Lazareto e ap\u00f3s buscas em sua resid\u00eancia, mais de 300 pinos de coca\u00edna e [&hellip;]<\/p>\n","protected":false},"author":96,"featured_media":91763,"comment_status":"closed","ping_status":"closed","sticky":false,"template":"","format":"standard","meta":{"footnotes":""},"categories":[252],"tags":[],"class_list":["post-91764","post","type-post","status-publish","format-standard","has-post-thumbnail","hentry","category-regiao"],"_links":{"self":[{"href":"https:\/\/diarioregionaldigital.com.br\/index.php?rest_route=\/wp\/v2\/posts\/91764","targetHints":{"allow":["GET"]}}],"collection":[{"href":"https:\/\/diarioregionaldigital.com.br\/index.php?rest_route=\/wp\/v2\/posts"}],"about":[{"href":"https:\/\/diarioregionaldigital.com.br\/index.php?rest_route=\/wp\/v2\/types\/post"}],"author":[{"embeddable":true,"href":"https:\/\/diarioregionaldigital.com.br\/index.php?rest_route=\/wp\/v2\/users\/96"}],"replies":[{"embeddable":true,"href":"https:\/\/diarioregionaldigital.com.br\/index.php?rest_route=%2Fwp%2Fv2%2Fcomments&post=91764"}],"version-history":[{"count":0,"href":"https:\/\/diarioregionaldigital.com.br\/index.php?rest_route=\/wp\/v2\/posts\/91764\/revisions"}],"wp:featuredmedia":[{"embeddable":true,"href":"https:\/\/diarioregionaldigital.com.br\/index.php?rest_route=\/wp\/v2\/media\/91763"}],"wp:attachment":[{"href":"https:\/\/diarioregionaldigital.com.br\/index.php?rest_route=%2Fwp%2Fv2%2Fmedia&parent=91764"}],"wp:term":[{"taxonomy":"category","embeddable":true,"href":"https:\/\/diarioregionaldigital.com.br\/index.php?rest_route=%2Fwp%2Fv2%2Fcategories&post=91764"},{"taxonomy":"post_tag","embeddable":true,"href":"https:\/\/diarioregionaldigital.com.br\/index.php?rest_route=%2Fwp%2Fv2%2Ftags&post=91764"}],"curies":[{"name":"wp","href":"https:\/\/api.w.org\/{rel}","templated":true}]}}