{"id":91762,"date":"2018-02-13T12:30:39","date_gmt":"2018-02-13T14:30:39","guid":{"rendered":"http:\/\/diarioregionaljf.com.br\/2018\/02\/13\/familia-procura-por-dois-amigos-que-desapareceram-na-sexta-feira-apos-viagem\/"},"modified":"2018-02-13T12:30:39","modified_gmt":"2018-02-13T14:30:39","slug":"familia-procura-por-dois-amigos-que-desapareceram-na-sexta-feira-apos-viagem","status":"publish","type":"post","link":"https:\/\/diarioregionaldigital.com.br\/?p=91762","title":{"rendered":"Fam\u00edlia procura por dois amigos que desapareceram na sexta-feira ap\u00f3s viagem"},"content":{"rendered":"<p>As fam\u00edlias de dois homens residentes em Leopoldina, os quais viajaram na \u00faltima sexta-feira, 9, com destino a Serop\u00e9dica, na regi\u00e3o de Itagua\u00ed, no Rio de Janeiro, est\u00e3o \u00e0 procura de informa\u00e7\u00f5es sobre ambos.<\/p>\n<p> De acordo com familiares, que entraram em contato com a Reda\u00e7\u00e3o do O Vigilante Online, Arley Silva Montes, 40 anos, morador no bairro Vale do Sol \u2013 Parte Alta e seu amigo Robson Gon\u00e7alves Barbosa, 38 anos, morador no bairro Mina de Ouro, sa\u00edram de Leopoldina em um ve\u00edculo Fiat Palio, placas de Ub\u00e1\/MG, para levar uma sobrinha que estava de f\u00e9rias na casa dos pais de Arley. <\/p>\n<p> Segundo as informa\u00e7\u00f5es, eles deixaram a sobrinha por volta das 21h em Serop\u00e9dica, e desde ent\u00e3o n\u00e3o foram mais vistos. \u201cOs telefones dos dois s\u00f3 d\u00e3o caixa postal\u201d, comentou atrav\u00e9s das redes sociais o irm\u00e3o de Arley, Anderson, que reside em S\u00e3o Paulo, acrescentando que sua fam\u00edlia e a do outro rapaz est\u00e3o desesperadas por alguma not\u00edcia. <\/p>\n<p> Qualquer informa\u00e7\u00e3o a respeito da localiza\u00e7\u00e3o de Arley e Robson, pode ser repassada atrav\u00e9s do WhatsApp do Jornal O Vigilante (32) 991734242. <\/p>\n<p>Fonte: O Vigilante OnlineFam\u00edlia procura por dois amigos que desapareceram na sexta-feira ap\u00f3s viagem<\/p>\n","protected":false},"excerpt":{"rendered":"<p>As fam\u00edlias de dois homens residentes em Leopoldina, os quais viajaram na \u00faltima sexta-feira, 9, com destino a Serop\u00e9dica, na regi\u00e3o de Itagua\u00ed, no Rio de Janeiro, est\u00e3o \u00e0 procura de informa\u00e7\u00f5es sobre ambos. De acordo com familiares, que entraram em contato com a Reda\u00e7\u00e3o do O Vigilante Online, Arley Silva Montes, 40 anos, morador [&hellip;]<\/p>\n","protected":false},"author":96,"featured_media":91761,"comment_status":"closed","ping_status":"closed","sticky":false,"template":"","format":"standard","meta":{"footnotes":""},"categories":[252],"tags":[],"class_list":["post-91762","post","type-post","status-publish","format-standard","has-post-thumbnail","hentry","category-regiao"],"_links":{"self":[{"href":"https:\/\/diarioregionaldigital.com.br\/index.php?rest_route=\/wp\/v2\/posts\/91762","targetHints":{"allow":["GET"]}}],"collection":[{"href":"https:\/\/diarioregionaldigital.com.br\/index.php?rest_route=\/wp\/v2\/posts"}],"about":[{"href":"https:\/\/diarioregionaldigital.com.br\/index.php?rest_route=\/wp\/v2\/types\/post"}],"author":[{"embeddable":true,"href":"https:\/\/diarioregionaldigital.com.br\/index.php?rest_route=\/wp\/v2\/users\/96"}],"replies":[{"embeddable":true,"href":"https:\/\/diarioregionaldigital.com.br\/index.php?rest_route=%2Fwp%2Fv2%2Fcomments&post=91762"}],"version-history":[{"count":0,"href":"https:\/\/diarioregionaldigital.com.br\/index.php?rest_route=\/wp\/v2\/posts\/91762\/revisions"}],"wp:featuredmedia":[{"embeddable":true,"href":"https:\/\/diarioregionaldigital.com.br\/index.php?rest_route=\/wp\/v2\/media\/91761"}],"wp:attachment":[{"href":"https:\/\/diarioregionaldigital.com.br\/index.php?rest_route=%2Fwp%2Fv2%2Fmedia&parent=91762"}],"wp:term":[{"taxonomy":"category","embeddable":true,"href":"https:\/\/diarioregionaldigital.com.br\/index.php?rest_route=%2Fwp%2Fv2%2Fcategories&post=91762"},{"taxonomy":"post_tag","embeddable":true,"href":"https:\/\/diarioregionaldigital.com.br\/index.php?rest_route=%2Fwp%2Fv2%2Ftags&post=91762"}],"curies":[{"name":"wp","href":"https:\/\/api.w.org\/{rel}","templated":true}]}}