{"id":91758,"date":"2018-02-13T11:52:38","date_gmt":"2018-02-13T13:52:38","guid":{"rendered":"http:\/\/diarioregionaljf.com.br\/2018\/02\/13\/motociclista-e-preso-com-espingarda-em-tombos\/"},"modified":"2018-02-13T11:52:38","modified_gmt":"2018-02-13T13:52:38","slug":"motociclista-e-preso-com-espingarda-em-tombos","status":"publish","type":"post","link":"https:\/\/diarioregionaldigital.com.br\/?p=91758","title":{"rendered":"Motociclista \u00e9 preso com espingarda em Tombos"},"content":{"rendered":"<p>Um homem de 53 anos foi preso na noite dessa segunda-feira, 12, na zona rural de Tombos, aproximadamente 60km de Muria\u00e9, por dire\u00e7\u00e3o perigosa e porte ilegal de arma de fogo. O autor tentou desviar de uma fiscaliza\u00e7\u00e3o da Pol\u00edcia Militar (PM), mas caiu da moto que guiava. Durante a abordagem os policiais encontraram arma e diversos objetos.<\/p>\n<p>Conforme registro policial, a PM realizava uma fiscaliza\u00e7\u00e3o na estrada que liga o distrito de Catun\u00e9 a comunidade de Pedra Santa. Os militares sinalizaram para que uma moto Honda NXR 150 Bros ES parasse, mas o condutor n\u00e3o obedeceu ordem de parada, tentou desviar do bloqueio policial, ao fazer uma manobra brusca perdeu o controle da dire\u00e7\u00e3o e caiu com o ve\u00edculo.<\/p>\n<p>Os policiais rapidamente fizeram abordagem e imobiliza\u00e7\u00e3o do suspeito. Durante busca pessoal os militares encontraram uma espingarda calibre 28 sem numera\u00e7\u00e3o, 5 muni\u00e7\u00f5es do mesmo calibre e outras duas deflagradas, al\u00e9m de um fac\u00e3o entre outros objetos.<\/p>\n<p>O autor recebeu voz de pris\u00e3o por dire\u00e7\u00e3o perigosa e porte ilegal de arma de fogo. Ele foi encaminhado para a 4\u00aa Delegacia Regional de Pol\u00edcia Civil de plant\u00e3o, em Muria\u00e9, onde foi feito o registro da ocorr\u00eancia. <\/p>\n<p>A motocicleta foi apreendida e levada para um p\u00e1tio credenciado pelo Detran-MG. <\/p>\n<p>Fonte: R\u00e1dio Muria\u00e9<\/p>\n","protected":false},"excerpt":{"rendered":"<p>Um homem de 53 anos foi preso na noite dessa segunda-feira, 12, na zona rural de Tombos, aproximadamente 60km de Muria\u00e9, por dire\u00e7\u00e3o perigosa e porte ilegal de arma de fogo. O autor tentou desviar de uma fiscaliza\u00e7\u00e3o da Pol\u00edcia Militar (PM), mas caiu da moto que guiava. Durante a abordagem os policiais encontraram arma [&hellip;]<\/p>\n","protected":false},"author":96,"featured_media":91757,"comment_status":"closed","ping_status":"closed","sticky":false,"template":"","format":"standard","meta":{"footnotes":""},"categories":[252],"tags":[],"class_list":["post-91758","post","type-post","status-publish","format-standard","has-post-thumbnail","hentry","category-regiao"],"_links":{"self":[{"href":"https:\/\/diarioregionaldigital.com.br\/index.php?rest_route=\/wp\/v2\/posts\/91758","targetHints":{"allow":["GET"]}}],"collection":[{"href":"https:\/\/diarioregionaldigital.com.br\/index.php?rest_route=\/wp\/v2\/posts"}],"about":[{"href":"https:\/\/diarioregionaldigital.com.br\/index.php?rest_route=\/wp\/v2\/types\/post"}],"author":[{"embeddable":true,"href":"https:\/\/diarioregionaldigital.com.br\/index.php?rest_route=\/wp\/v2\/users\/96"}],"replies":[{"embeddable":true,"href":"https:\/\/diarioregionaldigital.com.br\/index.php?rest_route=%2Fwp%2Fv2%2Fcomments&post=91758"}],"version-history":[{"count":0,"href":"https:\/\/diarioregionaldigital.com.br\/index.php?rest_route=\/wp\/v2\/posts\/91758\/revisions"}],"wp:featuredmedia":[{"embeddable":true,"href":"https:\/\/diarioregionaldigital.com.br\/index.php?rest_route=\/wp\/v2\/media\/91757"}],"wp:attachment":[{"href":"https:\/\/diarioregionaldigital.com.br\/index.php?rest_route=%2Fwp%2Fv2%2Fmedia&parent=91758"}],"wp:term":[{"taxonomy":"category","embeddable":true,"href":"https:\/\/diarioregionaldigital.com.br\/index.php?rest_route=%2Fwp%2Fv2%2Fcategories&post=91758"},{"taxonomy":"post_tag","embeddable":true,"href":"https:\/\/diarioregionaldigital.com.br\/index.php?rest_route=%2Fwp%2Fv2%2Ftags&post=91758"}],"curies":[{"name":"wp","href":"https:\/\/api.w.org\/{rel}","templated":true}]}}