{"id":91756,"date":"2018-02-12T14:33:26","date_gmt":"2018-02-12T16:33:26","guid":{"rendered":"http:\/\/diarioregionaljf.com.br\/2018\/02\/12\/beneficiarios-do-passe-facil-estudante-devem-se-atentar-ao-novo-sistema-de-reconhecimento-facial-nos-onibus\/"},"modified":"2018-02-12T14:33:26","modified_gmt":"2018-02-12T16:33:26","slug":"beneficiarios-do-passe-facil-estudante-devem-se-atentar-ao-novo-sistema-de-reconhecimento-facial-nos-onibus","status":"publish","type":"post","link":"https:\/\/diarioregionaldigital.com.br\/?p=91756","title":{"rendered":"Benefici\u00e1rios do \u201cPasse F\u00e1cil Estudante\u201d devem se atentar ao novo sistema de reconhecimento facial nos \u00f4nibus"},"content":{"rendered":"<p>Para impedir fraudes no uso dos cart\u00f5es de gratuidade nos \u00f4nibus, a Secretaria de Transporte e Tr\u00e2nsito (Settra) da Prefeitura de Juiz de Fora (PJF) implantou sistema de reconhecimento facial, que j\u00e1 est\u00e1 sendo usado em todos os ve\u00edculos. Assim, a Secretaria de Educa\u00e7\u00e3o (SE) est\u00e1 alertando os alunos da rede municipal, benefici\u00e1rios do programa municipal \u201cCart\u00e3o Passe F\u00e1cil Estudante\u201d, que podem ter seu documento bloqueado, caso seja constatado seu uso indevido.<\/p>\n<p>O reconhecimento \u00e9 feito por c\u00e2mera acoplada ao validador da passagem. Quando o usu\u00e1rio passar o cart\u00e3o na m\u00e1quina, a imagem de seu rosto ser\u00e1 capturada e comparada com a do cadastro, devendo corresponder \u00e0 do titular. Em caso de eventual irregularidade, o cart\u00e3o ser\u00e1 bloqueado por 30 dias. Quando o validador n\u00e3o liberar a roleta do \u00f4nibus por causa do bloqueio, o usu\u00e1rio ter\u00e1 a op\u00e7\u00e3o de pagar a passagem ou entregar o cart\u00e3o ao cobrador, e seguir viagem.<\/p>\n<p>Em caso de bloqueio, o estudante dever\u00e1 procurar o Cons\u00f3rcio Integrado de Transporte Urbano (Cinturb), para ser informado sobre o motivo do bloqueio, tendo cinco dias para recorrer. O recurso ser\u00e1 analisado, e o resultado publicado no Di\u00e1rio Oficial.<\/p>\n<p>Al\u00e9m dos benefici\u00e1rios do \u201cPasse F\u00e1cil Estudante\u201d, o sistema de reconhecimento facial est\u00e1 valendo para outros portadores de gratuidade do trasnporte p\u00fablico: idosos, deficientes sem ou com acompanhante, rodovi\u00e1rios, portadores de passe livre e usu\u00e1rios do bilhete \u00fanico.<\/p>\n<p>A SE est\u00e1 com as inscri\u00e7\u00f5es do \u201cCart\u00e3o Passe F\u00e1cil Estudante\u201d abertas at\u00e9 28 de mar\u00e7o. O benef\u00edcio \u00e9 destinado a alunos da rede municipal de ensino que residem a mais de um quil\u00f4metro da escola e possuem renda familiar baixa.<\/p>\n<p>Fonte: Assessoria \/ PJF<\/p>\n","protected":false},"excerpt":{"rendered":"<p>Para impedir fraudes no uso dos cart\u00f5es de gratuidade nos \u00f4nibus, a Secretaria de Transporte e Tr\u00e2nsito (Settra) da Prefeitura de Juiz de Fora (PJF) implantou sistema de reconhecimento facial, que j\u00e1 est\u00e1 sendo usado em todos os ve\u00edculos. Assim, a Secretaria de Educa\u00e7\u00e3o (SE) est\u00e1 alertando os alunos da rede municipal, benefici\u00e1rios do programa [&hellip;]<\/p>\n","protected":false},"author":96,"featured_media":0,"comment_status":"closed","ping_status":"closed","sticky":false,"template":"","format":"standard","meta":{"footnotes":""},"categories":[253],"tags":[],"class_list":["post-91756","post","type-post","status-publish","format-standard","hentry","category-cidade"],"_links":{"self":[{"href":"https:\/\/diarioregionaldigital.com.br\/index.php?rest_route=\/wp\/v2\/posts\/91756","targetHints":{"allow":["GET"]}}],"collection":[{"href":"https:\/\/diarioregionaldigital.com.br\/index.php?rest_route=\/wp\/v2\/posts"}],"about":[{"href":"https:\/\/diarioregionaldigital.com.br\/index.php?rest_route=\/wp\/v2\/types\/post"}],"author":[{"embeddable":true,"href":"https:\/\/diarioregionaldigital.com.br\/index.php?rest_route=\/wp\/v2\/users\/96"}],"replies":[{"embeddable":true,"href":"https:\/\/diarioregionaldigital.com.br\/index.php?rest_route=%2Fwp%2Fv2%2Fcomments&post=91756"}],"version-history":[{"count":0,"href":"https:\/\/diarioregionaldigital.com.br\/index.php?rest_route=\/wp\/v2\/posts\/91756\/revisions"}],"wp:attachment":[{"href":"https:\/\/diarioregionaldigital.com.br\/index.php?rest_route=%2Fwp%2Fv2%2Fmedia&parent=91756"}],"wp:term":[{"taxonomy":"category","embeddable":true,"href":"https:\/\/diarioregionaldigital.com.br\/index.php?rest_route=%2Fwp%2Fv2%2Fcategories&post=91756"},{"taxonomy":"post_tag","embeddable":true,"href":"https:\/\/diarioregionaldigital.com.br\/index.php?rest_route=%2Fwp%2Fv2%2Ftags&post=91756"}],"curies":[{"name":"wp","href":"https:\/\/api.w.org\/{rel}","templated":true}]}}