{"id":91755,"date":"2018-02-12T14:27:42","date_gmt":"2018-02-12T16:27:42","guid":{"rendered":"http:\/\/diarioregionaljf.com.br\/2018\/02\/12\/comissao-elabora-programacao-para-o-mes-da-mulher\/"},"modified":"2018-02-12T14:27:42","modified_gmt":"2018-02-12T16:27:42","slug":"comissao-elabora-programacao-para-o-mes-da-mulher","status":"publish","type":"post","link":"https:\/\/diarioregionaldigital.com.br\/?p=91755","title":{"rendered":"Comiss\u00e3o elabora programa\u00e7\u00e3o para o M\u00eas da Mulher"},"content":{"rendered":"<p>A Comiss\u00e3o Permanente de Direitos da Mulher se reuniu na \u00faltima semana para tra\u00e7ar os eventos comemorativos em raz\u00e3o do Dia Internacional da Mulher, celebrado no dia 8 de mar\u00e7o.<\/p>\n<p>Para isso, a comiss\u00e3o elaborou a\u00e7\u00f5es de valoriza\u00e7\u00e3o do p\u00fablico feminino, que ser\u00e3o realizadas de diferentes maneiras. Haver\u00e1 panfletagem com as legisla\u00e7\u00f5es municipais, bem como palestras sobre viol\u00eancia contra a mulher e educa\u00e7\u00e3o financeira.<\/p>\n<p>Al\u00e9m disso, a comiss\u00e3o visa fazer parcerias para promover o Dia da Beleza e uma roda de conversa, que reunir\u00e1 19 mulheres da cidade que se destacam em diferentes segmentos a fim de debater a representatividade feminina na sociedade.<\/p>\n<p>A semana ser\u00e1 finalizada com o Caf\u00e9 das servidoras, comemora\u00e7\u00e3o tradicional feita pela C\u00e2mara em homenagem \u00e0s funcion\u00e1rias do legislativo. O m\u00eas termina com a Men\u00e7\u00e3o Honrosa, que deve ter seu nome alterado para Men\u00e7\u00e3o Honrosa Vereadora Vera Faria, proposta pelo presidente da C\u00e2mara, vereador Rodrigo Mattos (PSDB), em refer\u00eancia a primeira mulher vereadora de Juiz de Fora, com a solenidade para 19 mulheres escolhidas pelos parlamentares.<\/p>\n<p>Atualmente, a comiss\u00e3o est\u00e1 trabalhando na campanha \u201cCarnaval Sem Ass\u00e9dio\u201d, que j\u00e1 percorreu cinco blocos na cidade, com o intuito de conscientizar a popula\u00e7\u00e3o sobre os abusos que podem e devem ser coibidos durante este per\u00edodo.<\/p>\n<p>Participaram da reuni\u00e3o os vereadores Charlles Evangelista (PP), Andr\u00e9 Mariano (PSC) e Ana do Padre Frederico (MDB) &#8211; membros da comiss\u00e3o, al\u00e9m de representantes da vereadora Delegada Sheila (PTC), atual presidente do \u00f3rg\u00e3o.<\/p>\n<p>Fonte: Assessoria \/ C\u00e2mara Municipal de Juiz de Fora<\/p>\n","protected":false},"excerpt":{"rendered":"<p>A Comiss\u00e3o Permanente de Direitos da Mulher se reuniu na \u00faltima semana para tra\u00e7ar os eventos comemorativos em raz\u00e3o do Dia Internacional da Mulher, celebrado no dia 8 de mar\u00e7o. Para isso, a comiss\u00e3o elaborou a\u00e7\u00f5es de valoriza\u00e7\u00e3o do p\u00fablico feminino, que ser\u00e3o realizadas de diferentes maneiras. Haver\u00e1 panfletagem com as legisla\u00e7\u00f5es municipais, bem como [&hellip;]<\/p>\n","protected":false},"author":96,"featured_media":91754,"comment_status":"closed","ping_status":"closed","sticky":false,"template":"","format":"standard","meta":{"footnotes":""},"categories":[254],"tags":[],"class_list":["post-91755","post","type-post","status-publish","format-standard","has-post-thumbnail","hentry","category-politica"],"_links":{"self":[{"href":"https:\/\/diarioregionaldigital.com.br\/index.php?rest_route=\/wp\/v2\/posts\/91755","targetHints":{"allow":["GET"]}}],"collection":[{"href":"https:\/\/diarioregionaldigital.com.br\/index.php?rest_route=\/wp\/v2\/posts"}],"about":[{"href":"https:\/\/diarioregionaldigital.com.br\/index.php?rest_route=\/wp\/v2\/types\/post"}],"author":[{"embeddable":true,"href":"https:\/\/diarioregionaldigital.com.br\/index.php?rest_route=\/wp\/v2\/users\/96"}],"replies":[{"embeddable":true,"href":"https:\/\/diarioregionaldigital.com.br\/index.php?rest_route=%2Fwp%2Fv2%2Fcomments&post=91755"}],"version-history":[{"count":0,"href":"https:\/\/diarioregionaldigital.com.br\/index.php?rest_route=\/wp\/v2\/posts\/91755\/revisions"}],"wp:featuredmedia":[{"embeddable":true,"href":"https:\/\/diarioregionaldigital.com.br\/index.php?rest_route=\/wp\/v2\/media\/91754"}],"wp:attachment":[{"href":"https:\/\/diarioregionaldigital.com.br\/index.php?rest_route=%2Fwp%2Fv2%2Fmedia&parent=91755"}],"wp:term":[{"taxonomy":"category","embeddable":true,"href":"https:\/\/diarioregionaldigital.com.br\/index.php?rest_route=%2Fwp%2Fv2%2Fcategories&post=91755"},{"taxonomy":"post_tag","embeddable":true,"href":"https:\/\/diarioregionaldigital.com.br\/index.php?rest_route=%2Fwp%2Fv2%2Ftags&post=91755"}],"curies":[{"name":"wp","href":"https:\/\/api.w.org\/{rel}","templated":true}]}}