{"id":91753,"date":"2018-02-12T14:05:57","date_gmt":"2018-02-12T16:05:57","guid":{"rendered":"http:\/\/diarioregionaljf.com.br\/2018\/02\/12\/comercio-entre-brasil-e-catar-aumenta-apesar-de-embargo-economico\/"},"modified":"2018-02-12T14:05:57","modified_gmt":"2018-02-12T16:05:57","slug":"comercio-entre-brasil-e-catar-aumenta-apesar-de-embargo-economico","status":"publish","type":"post","link":"https:\/\/diarioregionaldigital.com.br\/?p=91753","title":{"rendered":"Com\u00e9rcio entre Brasil e Catar aumenta apesar de embargo econ\u00f4mico"},"content":{"rendered":"<p>Sete meses ap\u00f3s um embargo econ\u00f4mico por terra, mar e ar decretado contra o Catar pela Ar\u00e1bia Saudita, Emirados \u00c1rabes Unidos, Bahrein e Egito, que provocou um temor generalizado em v\u00e1rios pa\u00edses sobre o futuro do com\u00e9rcio com esse rico pa\u00eds do Oriente, a situa\u00e7\u00e3o \u00e9 de al\u00edvio para as cerca de 250 empresas brasileiras que exportam para o Catar.<\/p>\n<p>A justificativa para o embargo foi a de que o Catar estaria apoiando o terrorismo. A medida, contudo, n\u00e3o afetou as rela\u00e7\u00f5es comerciais entre o Brasil e o Catar. Um balan\u00e7o recente das trocas entre os dois pa\u00edses mostra que, embora ainda haja um saldo anual de US$ 25 milh\u00f5es a favor do emirado \u00e1rabe, os n\u00fameros mostram uma tend\u00eancia de crescimento de vendas favor\u00e1vel ao Brasil no futuro pr\u00f3ximo.<\/p>\n<p>Esse crescimento \u00e9 impulsionado por um aumento crescente das vendas para o Catar, ao mesmo tempo em que h\u00e1 uma redu\u00e7\u00e3o gradativa das importa\u00e7\u00f5es daquele pa\u00eds do Oriente M\u00e9dio, fatores que podem gerar um super\u00e1vit comercial para o Brasil j\u00e1 nos pr\u00f3ximos meses.<\/p>\n<p>\u201cImportamos do Brasil importantes commodities, como carne, frango e vegetais e exportamos combust\u00edveis e fertilizantes\u201d, disse o embaixador do Catar no Brasil, Mohammed Al-Hayki, que se mostra otimista sobre o crescimento do com\u00e9rcio entre os dois pa\u00edses.<\/p>\n<p>De janeiro a dezembro de 2017, o Brasil exportou US$ 420,28 milh\u00f5es para o Catar, representando um aumento nas vendas de 11,18% em rela\u00e7\u00e3o ao ano anterior. Por outro lado, o Brasil importou, em 2017, US$ 445,86 milh\u00f5es do emirado \u00e1rabe, uma expans\u00e3o de compras de apenas 3%.<\/p>\n<p><span style=\"font-size: 18pt;\">G\u00e1s para Sergipe<\/span><\/p>\n<p>O embaixador Al-Hayki considera, por\u00e9m, que a import\u00e2ncia dos atuais n\u00fameros \u00e9 relativa. O relevante, segundo ele, \u00e9 a tend\u00eancia do interc\u00e2mbio comercial e as oportunidades que surgem para os dois pa\u00edses, envolvendo por exemplo o setor de g\u00e1s natural, um produto que exige a aplica\u00e7\u00e3o de tecnologias de alta precis\u00e3o e empregos de alta qualifica\u00e7\u00e3o. Segundo ele, a partir de 2020 o Catar passar\u00e1 a ser um fornecedor regular de g\u00e1s natural para o Brasil.<\/p>\n<p>O produto complementar\u00e1 as fragilidades da matriz energ\u00e9tica brasileira, hoje muito dependente das hidrel\u00e9tricas e com muitos projetos amea\u00e7ados de interrup\u00e7\u00e3o devido \u00e0 falta de chuvas nos \u00faltimos anos, que provoca a queda dos n\u00edveis dos reservat\u00f3rios e, consequentemente, amea\u00e7am paralisar o fornecimento de energia el\u00e9trica.<\/p>\n<p>Por conta disto, a empresa Centrais El\u00e9tricas de Sergipe (Celse), respons\u00e1vel pela implanta\u00e7\u00e3o Complexo Termoel\u00e9trico Porto de Sergipe I, assinou h\u00e1 um ano e dois meses um acordo com a Ocean LNG Limited, uma joint-venture entre a Qatar Petroleum e ExxonMobil, para receber g\u00e1s natural do Catar.<\/p>\n<p>O produto ser\u00e1 usado para o complexo termoel\u00e9trico, que transformar\u00e1 o g\u00e1s natural em energia el\u00e9trica, usando uma linha de transmiss\u00e3o de 33 quil\u00f4metros e um conjunto de instala\u00e7\u00f5es offshore, ou seja, afastadas da costa. Destas \u00faltimas, fazem parte uma unidade flutuante de armazenamento e regaseifica\u00e7\u00e3o de g\u00e1s natural (FSRU, na sigla em ingl\u00eas) e um gasoduto. O g\u00e1s, que chegar\u00e1 do Catar na forma l\u00edquida, ser\u00e1 regaseificado nestas instala\u00e7\u00f5es.<\/p>\n<p>Toda essa estrutura utilizar\u00e1 tecnologia de ponta, o que otimizar\u00e1 a usina em seu n\u00edvel mais elevado de produ\u00e7\u00e3o. O navio FSRU, que ficar\u00e1 ancorado e receber\u00e1 o g\u00e1s do Catar, ter\u00e1 capacidade para processar 170 mil metros c\u00fabicos de g\u00e1s natural, o suficiente para atender a unidade termoel\u00e9trica do complexo por 17 dias em plena carga, ou seja, funcionando 24 horas por dia.<\/p>\n<p><span style=\"font-size: 18pt;\">Com\u00e9rcio bilateral e mundial<\/span><\/p>\n<p>Para incentivar o com\u00e9rcio bilateral, o embaixador Al-Hayki considera que os dois pa\u00edses devem organizar visitas comerciais m\u00fatuas e exibir seus produtos. O Catar enviou uma miss\u00e3o ao Brasil no final de setembro passado, composta por 14 dirigentes de empresas e representantes do governo do Catar, entre eles o diretor executivo da ag\u00eancia de desenvolvimento de exporta\u00e7\u00f5es do Catar, Hassan Khalifa Al Mansoori, que atua como importante agente financiador do com\u00e9rcio. A miss\u00e3o visitou \u00f3rg\u00e3os do governo e entidades empresariais.<\/p>\n<p>Mohammed Al-Hayki disse que o Brasil j\u00e1 passou por crises econ\u00f4micas e pol\u00edticas, mas continua sendo a oitava economia do mundo e tem todas as condi\u00e7\u00f5es de se posicionar solidamente como um dos grandes atores do com\u00e9rcio mundial. Para alcan\u00e7ar esse n\u00edvel de desenvolvimento, o embaixador do Catar sugere que o Brasil diminua os entraves burocr\u00e1ticos para a exporta\u00e7\u00e3o de produtos, crie uma estrutura de transporte do interior at\u00e9 os portos e construa armaz\u00e9ns e silos adequados nos corredores de exporta\u00e7\u00e3o.<\/p>\n<p><span style=\"font-size: 18pt;\">Impacto do embargo<\/span><\/p>\n<p>Embora seja uma das na\u00e7\u00f5es mais ricas do Oriente M\u00e9dio, o Catar tem uma popula\u00e7\u00e3o de apenas 2,7 milh\u00f5es de pessoas \u2014 a maioria dos quais imigrantes. Por se tratar de uma na\u00e7\u00e3o pequena, o impacto do seu embargo n\u00e3o causaria grandes preocupa\u00e7\u00f5es na Europa, Estados Unidos e na \u00c1sia n\u00e3o fosse o fato de que o pa\u00eds \u00e9 hoje um fornecedor relevante de recursos naturais para todo o mundo. A \u00c1sia e a Europa, por exemplo, s\u00e3o grandes compradores de g\u00e1s natural do Catar.<\/p>\n<p>Para suspender o embargo, uma das exig\u00eancias foi a de que o Catar teria de fechar a emissora Al Jazeera, que \u00e9 vista pela Ar\u00e1bia Saudita e outros pa\u00edses da regi\u00e3o como simp\u00e1tica ao terrorismo. Al-Hayki contesta veementemente a informa\u00e7\u00e3o de que o seu pa\u00eds apoia o terrorismo e lembra que, no atentado \u00e0s Torres G\u00eameas, em Nova York, ocorrido em 11 de setembro de 2001, a maioria dos terroristas envolvidos n\u00e3o era do Catar e sim da Ar\u00e1bia Saudita.<\/p>\n<p>Outro ponto destacado pelo embaixador \u00e9 a pol\u00edtica exterior independente do Catar e a import\u00e2ncia que o pa\u00eds d\u00e1 \u00e0 democracia. Segundo ele, o Catar n\u00e3o aceita as press\u00f5es dos pa\u00edses que impuseram o embargo para reduzir a liberdade de imprensa e fechar a Al Jazeera, a maior organiza\u00e7\u00e3o de m\u00eddia do mundo \u00e1rabe. Ele disse que a emissora \u00e9 uma organiza\u00e7\u00e3o que tem a liberdade de express\u00e3o como um de seus pilares. Essa liberdade, conforme disse o embaixador, \u00e9 modelo para todo o Oriente M\u00e9dio e decorre da sua independ\u00eancia garantida pelo Catar. \u201cEssa nossa independ\u00eancia n\u00e3o est\u00e1 sujeita a negocia\u00e7\u00f5es\u201d, finalizou o embaixador.<\/p>\n<p>Fonte: Ag\u00eancia Brasil<\/p>\n","protected":false},"excerpt":{"rendered":"<p>Sete meses ap\u00f3s um embargo econ\u00f4mico por terra, mar e ar decretado contra o Catar pela Ar\u00e1bia Saudita, Emirados \u00c1rabes Unidos, Bahrein e Egito, que provocou um temor generalizado em v\u00e1rios pa\u00edses sobre o futuro do com\u00e9rcio com esse rico pa\u00eds do Oriente, a situa\u00e7\u00e3o \u00e9 de al\u00edvio para as cerca de 250 empresas brasileiras [&hellip;]<\/p>\n","protected":false},"author":96,"featured_media":91752,"comment_status":"closed","ping_status":"closed","sticky":false,"template":"","format":"standard","meta":{"footnotes":""},"categories":[302],"tags":[],"class_list":["post-91753","post","type-post","status-publish","format-standard","has-post-thumbnail","hentry","category-brasil-mundo"],"_links":{"self":[{"href":"https:\/\/diarioregionaldigital.com.br\/index.php?rest_route=\/wp\/v2\/posts\/91753","targetHints":{"allow":["GET"]}}],"collection":[{"href":"https:\/\/diarioregionaldigital.com.br\/index.php?rest_route=\/wp\/v2\/posts"}],"about":[{"href":"https:\/\/diarioregionaldigital.com.br\/index.php?rest_route=\/wp\/v2\/types\/post"}],"author":[{"embeddable":true,"href":"https:\/\/diarioregionaldigital.com.br\/index.php?rest_route=\/wp\/v2\/users\/96"}],"replies":[{"embeddable":true,"href":"https:\/\/diarioregionaldigital.com.br\/index.php?rest_route=%2Fwp%2Fv2%2Fcomments&post=91753"}],"version-history":[{"count":0,"href":"https:\/\/diarioregionaldigital.com.br\/index.php?rest_route=\/wp\/v2\/posts\/91753\/revisions"}],"wp:featuredmedia":[{"embeddable":true,"href":"https:\/\/diarioregionaldigital.com.br\/index.php?rest_route=\/wp\/v2\/media\/91752"}],"wp:attachment":[{"href":"https:\/\/diarioregionaldigital.com.br\/index.php?rest_route=%2Fwp%2Fv2%2Fmedia&parent=91753"}],"wp:term":[{"taxonomy":"category","embeddable":true,"href":"https:\/\/diarioregionaldigital.com.br\/index.php?rest_route=%2Fwp%2Fv2%2Fcategories&post=91753"},{"taxonomy":"post_tag","embeddable":true,"href":"https:\/\/diarioregionaldigital.com.br\/index.php?rest_route=%2Fwp%2Fv2%2Ftags&post=91753"}],"curies":[{"name":"wp","href":"https:\/\/api.w.org\/{rel}","templated":true}]}}