{"id":91749,"date":"2018-02-12T13:50:55","date_gmt":"2018-02-12T15:50:55","guid":{"rendered":"http:\/\/diarioregionaljf.com.br\/2018\/02\/12\/segovia-vai-dar-explicacoes-quarta-feira-ao-ministro-barroso-sobre-entrevista\/"},"modified":"2018-02-12T13:50:55","modified_gmt":"2018-02-12T15:50:55","slug":"segovia-vai-dar-explicacoes-quarta-feira-ao-ministro-barroso-sobre-entrevista","status":"publish","type":"post","link":"https:\/\/diarioregionaldigital.com.br\/?p=91749","title":{"rendered":"Seg\u00f3via vai dar explica\u00e7\u00f5es quarta-feira ao ministro Barroso sobre entrevista"},"content":{"rendered":"<p>Em nota enviada aos servidores da Pol\u00edcia Federal, o diretor-geral da corpora\u00e7\u00e3o, Fernando Seg\u00f3via, negou que tenha previsto o arquivamento de um inqu\u00e9rito que investiga o presidente Michel Temer, durante entrevista concedida \u00e0 imprensa na sexta-feira (9). No comunicado aos colegas, Seg\u00f3via afirma que as investiga\u00e7\u00f5es contam com &#8220;autonomia e isen\u00e7\u00e3o&#8221; e disse que confia nas equipes da PF.<\/p>\n<p>A afirma\u00e7\u00e3o de Seg\u00f3via \u00e9 uma resposta ao ministro Lu\u00eds Roberto Barroso, que no s\u00e1bado (10) determinou a intima\u00e7\u00e3o do diretor-geral ap\u00f3s as declara\u00e7\u00f5es dadas \u00e0 Ag\u00eancia Reuters e publicadas no portal da empresa jornal\u00edstica. Na entrevista, o delegado disse que os &#8220;ind\u00edcios s\u00e3o muito fr\u00e1geis&#8221; e sugere que o inqu\u00e9rito &#8220;pode at\u00e9 concluir que n\u00e3o houve crime&#8221;. De acordo com a assessoria da Pol\u00edcia Federal, Seg\u00f3via &#8220;responder\u00e1 diretamente&#8221; a Barroso sobre o assunto na pr\u00f3xima quarta-feira (14).<\/p>\n<p>&#8220;Afirmo que, em momento algum, disse \u00e0 imprensa que o inqu\u00e9rito ser\u00e1 arquivado. Reafirmo minha confian\u00e7a nas equipes que cumprem com independ\u00eancia as mais diversas miss\u00f5es. \u00c9 meu compromisso na gest\u00e3o da PF resguardar os princ\u00edpios republicanos. Asseguro a todos os colegas e \u00e0 sociedade que estou vigilante com a qualidade das investiga\u00e7\u00f5es que a Pol\u00edcia Federal realiza, sempre em respeito ao legado de atua\u00e7\u00f5es imparciais que caracterizam a PF ao longo de sua hist\u00f3ria&#8221;, disse Seg\u00f3via no comunicado.<\/p>\n<p>O diretor-geral afirma ainda que, na entrevista, disse que o inqu\u00e9rito \u00e9 conduzido pela equipe &#8220;com toda autonomia e isen\u00e7\u00e3o&#8221;.<\/p>\n<p>Temer \u00e9 investigado por corrup\u00e7\u00e3o ativa, passiva e lavagem de dinheiro por ter, supostamente, recebido vantagens indevidas de uma empresa para editar o chamado Decreto dos Portos. Na intima\u00e7\u00e3o tamb\u00e9m divulgada neste s\u00e1bado (10), o ministro Barroso afirma que a investiga\u00e7\u00e3o n\u00e3o foi conclu\u00edda e ainda h\u00e1 \u201cdiversas dilig\u00eancias pendentes\u201d, e por isso o assunto n\u00e3o deveria ser \u201cobjeto de coment\u00e1rios p\u00fablicos\u201d.<\/p>\n<p>Ap\u00f3s o epis\u00f3dio, a Federa\u00e7\u00e3o Nacional dos Policiais Federais (Fenapef) se posicionou contrariamente \u00e0s declara\u00e7\u00f5es. Segundo o presidente da entidade, Lu\u00eds Boudens, Seg\u00f3via &#8220;extrapolou&#8221; as suas fun\u00e7\u00f5es ao se manifestar sobre quest\u00f5es internas de uma investiga\u00e7\u00e3o criminal ainda em andamento.<\/p>\n<p>Al\u00e9m de pedir uma retrata\u00e7\u00e3o p\u00fablica por parte do diretor-geral, a Fenapef expressa &#8220;sua discord\u00e2ncia e preocupa\u00e7\u00e3o com as declara\u00e7\u00f5es atribu\u00eddas ao diretor-geral da Pol\u00edcia Federal, Fernando Seg\u00f3via, em entrevista concedida \u00e0 Ag\u00eancia Reuters de Not\u00edcia, sobre as investiga\u00e7\u00f5es envolvendo o atual Presidente da Rep\u00fablica&#8221;.<\/p>\n<p>Fonte: Ag\u00eancia Brasil<\/p>\n","protected":false},"excerpt":{"rendered":"<p>Em nota enviada aos servidores da Pol\u00edcia Federal, o diretor-geral da corpora\u00e7\u00e3o, Fernando Seg\u00f3via, negou que tenha previsto o arquivamento de um inqu\u00e9rito que investiga o presidente Michel Temer, durante entrevista concedida \u00e0 imprensa na sexta-feira (9). No comunicado aos colegas, Seg\u00f3via afirma que as investiga\u00e7\u00f5es contam com &#8220;autonomia e isen\u00e7\u00e3o&#8221; e disse que confia [&hellip;]<\/p>\n","protected":false},"author":96,"featured_media":91748,"comment_status":"closed","ping_status":"closed","sticky":false,"template":"","format":"standard","meta":{"footnotes":""},"categories":[254],"tags":[],"class_list":["post-91749","post","type-post","status-publish","format-standard","has-post-thumbnail","hentry","category-politica"],"_links":{"self":[{"href":"https:\/\/diarioregionaldigital.com.br\/index.php?rest_route=\/wp\/v2\/posts\/91749","targetHints":{"allow":["GET"]}}],"collection":[{"href":"https:\/\/diarioregionaldigital.com.br\/index.php?rest_route=\/wp\/v2\/posts"}],"about":[{"href":"https:\/\/diarioregionaldigital.com.br\/index.php?rest_route=\/wp\/v2\/types\/post"}],"author":[{"embeddable":true,"href":"https:\/\/diarioregionaldigital.com.br\/index.php?rest_route=\/wp\/v2\/users\/96"}],"replies":[{"embeddable":true,"href":"https:\/\/diarioregionaldigital.com.br\/index.php?rest_route=%2Fwp%2Fv2%2Fcomments&post=91749"}],"version-history":[{"count":0,"href":"https:\/\/diarioregionaldigital.com.br\/index.php?rest_route=\/wp\/v2\/posts\/91749\/revisions"}],"wp:featuredmedia":[{"embeddable":true,"href":"https:\/\/diarioregionaldigital.com.br\/index.php?rest_route=\/wp\/v2\/media\/91748"}],"wp:attachment":[{"href":"https:\/\/diarioregionaldigital.com.br\/index.php?rest_route=%2Fwp%2Fv2%2Fmedia&parent=91749"}],"wp:term":[{"taxonomy":"category","embeddable":true,"href":"https:\/\/diarioregionaldigital.com.br\/index.php?rest_route=%2Fwp%2Fv2%2Fcategories&post=91749"},{"taxonomy":"post_tag","embeddable":true,"href":"https:\/\/diarioregionaldigital.com.br\/index.php?rest_route=%2Fwp%2Fv2%2Ftags&post=91749"}],"curies":[{"name":"wp","href":"https:\/\/api.w.org\/{rel}","templated":true}]}}