{"id":91727,"date":"2018-02-10T17:30:14","date_gmt":"2018-02-10T19:30:14","guid":{"rendered":"http:\/\/diarioregionaljf.com.br\/2018\/02\/10\/e-gravissimo-o-estado-de-saude-de-adolescente-ferida-na-cabeca-no-rio\/"},"modified":"2018-02-10T17:30:14","modified_gmt":"2018-02-10T19:30:14","slug":"e-gravissimo-o-estado-de-saude-de-adolescente-ferida-na-cabeca-no-rio","status":"publish","type":"post","link":"https:\/\/diarioregionaldigital.com.br\/?p=91727","title":{"rendered":"\u00c9 grav\u00edssimo o estado de sa\u00fade de adolescente ferida na cabe\u00e7a no Rio"},"content":{"rendered":"<p>Equipes do Batalh\u00e3o de Choque da Pol\u00edcia Militar do Rio fazem hoje, 10, desde cedo, uma opera\u00e7\u00e3o contra um grupo de traficantes de drogas e milicianos, que disputam desde o final do ano passado o controle dos pontos de venda de drogas da comunidade Bateau Mouche, na Pra\u00e7a Seca, em Jacarepagu\u00e1. Ontem, 9, a adolescente Evelyn da Silva Coelho, de 15 anos, foi ferida na cabe\u00e7a, no morro da Covanca, ao lado da Bateau Mouche, durante troca de tiros entre criminosos.<\/p>\n<p>De acordo com a Secretaria Municipal de Sa\u00fade, \u00e9 grav\u00edssimo o estado de sa\u00fade da adolescente, que est\u00e1 internada no Hospital Miguel Couto, na G\u00e1vea, zona sul da cidade. A v\u00edtima tinha sido deixada por v\u00e1rios homens na porta do quartel do Corpo de Bombeiros do Tanque e uma ambul\u00e2ncia da corpora\u00e7\u00e3o a transferiu para o hospital, porque ela perdia muito sangue e precisava ser operada imediatamente por um neurocirurgi\u00e3o.<\/p>\n<p>O menino Lu\u00eds Miguel Oliveira, de apenas 7 anos, morador da Bateau Mouche, tam\u00e9mb foi atingido ontem \u00e0 tarde de rasp\u00e3o na clav\u00edcula esquerda. Ele brincava na sala de casa quando foi atingida por uma bala perdida. Os pais demoraram a levar a crian\u00e7a para ser atendida num hospital, porque n\u00e3o conseguiam sair de casa, devido ao intenso tiroteio entre milicianos e traficantes.<\/p>\n<p>A m\u00e3e da crian\u00e7a chegou a comentar nas redes sociais: \u201cMeu Deus, que guerra \u00e9 essa? Meu filho foi baleado dentro de casa. Que desespero meu Deus\u201d. Lu\u00eds Miguel foi levado primeiro para a Unidade de Pronto Atendimento do bairro de Campinho e l\u00e1 transferido para o hospital municipal.<\/p>\n<h4>Pris\u00e3o de envolvido<\/h4>\n<p>Policiais do 18\u00babatalh\u00e3o da PM (Jacarepagu\u00e1) prenderam na \u00faltima quarta-feira, 7, o traficante Douglas da Silva Ara\u00fajo, conhecido como \u201cPlayboy da Bar\u00e3o\u201d, apontado como um dos l\u00edderes do crime do Morro da Bar\u00e3o, na Pra\u00e7a Seca. Ele tinha mandado de pris\u00e3o em aberto por tr\u00e1fico de drogas. A partir de den\u00fancias, os policiais conseguiram localiz\u00e1-lo em uma casa na comunidade da Covanca. De acordo com o Setor de Intelig\u00eancia do batalh\u00e3o, Playboy estaria envolvido em disputas e invas\u00f5es a comunidades da regi\u00e3o da Pra\u00e7a Seca, assim como nos recentes confrontos armados ocorridos na comunidade Bateau Mouche.<\/p>\n<hr \/>\n<p>&nbsp;Fonte: Ag\u00eancia Brasil<\/p>\n","protected":false},"excerpt":{"rendered":"<p>Equipes do Batalh\u00e3o de Choque da Pol\u00edcia Militar do Rio fazem hoje, 10, desde cedo, uma opera\u00e7\u00e3o contra um grupo de traficantes de drogas e milicianos, que disputam desde o final do ano passado o controle dos pontos de venda de drogas da comunidade Bateau Mouche, na Pra\u00e7a Seca, em Jacarepagu\u00e1. Ontem, 9, a adolescente [&hellip;]<\/p>\n","protected":false},"author":96,"featured_media":91726,"comment_status":"closed","ping_status":"closed","sticky":false,"template":"","format":"standard","meta":{"footnotes":""},"categories":[302],"tags":[],"class_list":["post-91727","post","type-post","status-publish","format-standard","has-post-thumbnail","hentry","category-brasil-mundo"],"_links":{"self":[{"href":"https:\/\/diarioregionaldigital.com.br\/index.php?rest_route=\/wp\/v2\/posts\/91727","targetHints":{"allow":["GET"]}}],"collection":[{"href":"https:\/\/diarioregionaldigital.com.br\/index.php?rest_route=\/wp\/v2\/posts"}],"about":[{"href":"https:\/\/diarioregionaldigital.com.br\/index.php?rest_route=\/wp\/v2\/types\/post"}],"author":[{"embeddable":true,"href":"https:\/\/diarioregionaldigital.com.br\/index.php?rest_route=\/wp\/v2\/users\/96"}],"replies":[{"embeddable":true,"href":"https:\/\/diarioregionaldigital.com.br\/index.php?rest_route=%2Fwp%2Fv2%2Fcomments&post=91727"}],"version-history":[{"count":0,"href":"https:\/\/diarioregionaldigital.com.br\/index.php?rest_route=\/wp\/v2\/posts\/91727\/revisions"}],"wp:featuredmedia":[{"embeddable":true,"href":"https:\/\/diarioregionaldigital.com.br\/index.php?rest_route=\/wp\/v2\/media\/91726"}],"wp:attachment":[{"href":"https:\/\/diarioregionaldigital.com.br\/index.php?rest_route=%2Fwp%2Fv2%2Fmedia&parent=91727"}],"wp:term":[{"taxonomy":"category","embeddable":true,"href":"https:\/\/diarioregionaldigital.com.br\/index.php?rest_route=%2Fwp%2Fv2%2Fcategories&post=91727"},{"taxonomy":"post_tag","embeddable":true,"href":"https:\/\/diarioregionaldigital.com.br\/index.php?rest_route=%2Fwp%2Fv2%2Ftags&post=91727"}],"curies":[{"name":"wp","href":"https:\/\/api.w.org\/{rel}","templated":true}]}}