{"id":91723,"date":"2018-02-10T12:51:12","date_gmt":"2018-02-10T14:51:12","guid":{"rendered":"http:\/\/diarioregionaljf.com.br\/2018\/02\/10\/dono-de-bar-e-amarrado-e-trancado-nos-fundos-do-estabelecimento-apos-assalto-no-distrito-de-sarandira\/"},"modified":"2018-02-10T12:51:12","modified_gmt":"2018-02-10T14:51:12","slug":"dono-de-bar-e-amarrado-e-trancado-nos-fundos-do-estabelecimento-apos-assalto-no-distrito-de-sarandira","status":"publish","type":"post","link":"https:\/\/diarioregionaldigital.com.br\/?p=91723","title":{"rendered":"Dono de bar \u00e9 amarrado e trancado nos fundos do estabelecimento ap\u00f3s assalto no distrito de Sarandira"},"content":{"rendered":"<p>O dono de um bar foi amarrado e trancado nos fundos do estabelecimento ap\u00f3s o local ser assaltado por um grupo armado no distrito de Sarandira, em Juiz de Fora, no in\u00edcio da madrugada deste s\u00e1bado, 10.<\/p>\n<p>De acordo com o Boletim de Ocorr\u00eancia (BO) da Pol\u00edcia Militar (PM), a v\u00edtima, de 48 anos, relatou que havia acabado de fechar o bar quando foi surpreendida por tr\u00eas ou quatro indiv\u00edduos, armados com rev\u00f3lver. Um dos autores, que usava roupa camuflada e tinha o rosto coberto por uma touca ninja, exigiu que o homem deitasse no ch\u00e3o, com o rosto virado para o solo.<\/p>\n<p>A v\u00edtima relatou ainda que, enquanto permaneceu deitada, o suspeito manteve uma arma apontada para sua cabe\u00e7a. Nesse tempo, os demais autores reviraram caixas e mercadorias do bar.<\/p>\n<p>Ap\u00f3s o roubo, os assaltantes amarraram a v\u00edtima, a deixaram trancada nos fundos do estabelecimento e fugiram.<\/p>\n<p>Depois de conseguir se soltar, o homem verificou que cerca R$2 mil foram roubados do caixa do bar. Os militares realizaram rastreamento, mas nenhum suspeito foi localizado.<\/p>\n","protected":false},"excerpt":{"rendered":"<p>O dono de um bar foi amarrado e trancado nos fundos do estabelecimento ap\u00f3s o local ser assaltado por um grupo armado no distrito de Sarandira, em Juiz de Fora, no in\u00edcio da madrugada deste s\u00e1bado, 10. De acordo com o Boletim de Ocorr\u00eancia (BO) da Pol\u00edcia Militar (PM), a v\u00edtima, de 48 anos, relatou [&hellip;]<\/p>\n","protected":false},"author":96,"featured_media":91722,"comment_status":"closed","ping_status":"closed","sticky":false,"template":"","format":"standard","meta":{"footnotes":""},"categories":[301],"tags":[],"class_list":["post-91723","post","type-post","status-publish","format-standard","has-post-thumbnail","hentry","category-artigos-policiais"],"_links":{"self":[{"href":"https:\/\/diarioregionaldigital.com.br\/index.php?rest_route=\/wp\/v2\/posts\/91723","targetHints":{"allow":["GET"]}}],"collection":[{"href":"https:\/\/diarioregionaldigital.com.br\/index.php?rest_route=\/wp\/v2\/posts"}],"about":[{"href":"https:\/\/diarioregionaldigital.com.br\/index.php?rest_route=\/wp\/v2\/types\/post"}],"author":[{"embeddable":true,"href":"https:\/\/diarioregionaldigital.com.br\/index.php?rest_route=\/wp\/v2\/users\/96"}],"replies":[{"embeddable":true,"href":"https:\/\/diarioregionaldigital.com.br\/index.php?rest_route=%2Fwp%2Fv2%2Fcomments&post=91723"}],"version-history":[{"count":0,"href":"https:\/\/diarioregionaldigital.com.br\/index.php?rest_route=\/wp\/v2\/posts\/91723\/revisions"}],"wp:featuredmedia":[{"embeddable":true,"href":"https:\/\/diarioregionaldigital.com.br\/index.php?rest_route=\/wp\/v2\/media\/91722"}],"wp:attachment":[{"href":"https:\/\/diarioregionaldigital.com.br\/index.php?rest_route=%2Fwp%2Fv2%2Fmedia&parent=91723"}],"wp:term":[{"taxonomy":"category","embeddable":true,"href":"https:\/\/diarioregionaldigital.com.br\/index.php?rest_route=%2Fwp%2Fv2%2Fcategories&post=91723"},{"taxonomy":"post_tag","embeddable":true,"href":"https:\/\/diarioregionaldigital.com.br\/index.php?rest_route=%2Fwp%2Fv2%2Ftags&post=91723"}],"curies":[{"name":"wp","href":"https:\/\/api.w.org\/{rel}","templated":true}]}}