{"id":91719,"date":"2018-02-10T11:39:37","date_gmt":"2018-02-10T13:39:37","guid":{"rendered":"http:\/\/diarioregionaljf.com.br\/2018\/02\/10\/homem-agride-entregador-e-rouba-malote-com-r-3-800-no-centro\/"},"modified":"2018-02-10T11:39:37","modified_gmt":"2018-02-10T13:39:37","slug":"homem-agride-entregador-e-rouba-malote-com-r-3-800-no-centro","status":"publish","type":"post","link":"https:\/\/diarioregionaldigital.com.br\/?p=91719","title":{"rendered":"Homem agride entregador e rouba malote com R$3.800 no Centro"},"content":{"rendered":"<p>O funcion\u00e1rio de uma distribuidora de bebidas foi amea\u00e7ado e agredido com socos durante assalto ao fazer uma entrega na Rua Sarandira, centro de Juiz de Fora, no final da tarde dessa sexta-feira, 9.<\/p>\n<p>A v\u00edtima, de 36 anos, relatou \u00e0 Pol\u00edcia Militar (PM) que foi abordada por um indiv\u00edduo forte, que a agrediu e, amea\u00e7ando lhe dar um tiro, exigiu a entrega do malote, que continha R$3,8 mil referentes a entregas. O autor tamb\u00e9m roubou R$80 do entregador, fugindo na sequ\u00eancia.<\/p>\n","protected":false},"excerpt":{"rendered":"<p>O funcion\u00e1rio de uma distribuidora de bebidas foi amea\u00e7ado e agredido com socos durante assalto ao fazer uma entrega na Rua Sarandira, centro de Juiz de Fora, no final da tarde dessa sexta-feira, 9. A v\u00edtima, de 36 anos, relatou \u00e0 Pol\u00edcia Militar (PM) que foi abordada por um indiv\u00edduo forte, que a agrediu e, [&hellip;]<\/p>\n","protected":false},"author":96,"featured_media":91718,"comment_status":"closed","ping_status":"closed","sticky":false,"template":"","format":"standard","meta":{"footnotes":""},"categories":[301],"tags":[],"class_list":["post-91719","post","type-post","status-publish","format-standard","has-post-thumbnail","hentry","category-artigos-policiais"],"_links":{"self":[{"href":"https:\/\/diarioregionaldigital.com.br\/index.php?rest_route=\/wp\/v2\/posts\/91719","targetHints":{"allow":["GET"]}}],"collection":[{"href":"https:\/\/diarioregionaldigital.com.br\/index.php?rest_route=\/wp\/v2\/posts"}],"about":[{"href":"https:\/\/diarioregionaldigital.com.br\/index.php?rest_route=\/wp\/v2\/types\/post"}],"author":[{"embeddable":true,"href":"https:\/\/diarioregionaldigital.com.br\/index.php?rest_route=\/wp\/v2\/users\/96"}],"replies":[{"embeddable":true,"href":"https:\/\/diarioregionaldigital.com.br\/index.php?rest_route=%2Fwp%2Fv2%2Fcomments&post=91719"}],"version-history":[{"count":0,"href":"https:\/\/diarioregionaldigital.com.br\/index.php?rest_route=\/wp\/v2\/posts\/91719\/revisions"}],"wp:featuredmedia":[{"embeddable":true,"href":"https:\/\/diarioregionaldigital.com.br\/index.php?rest_route=\/wp\/v2\/media\/91718"}],"wp:attachment":[{"href":"https:\/\/diarioregionaldigital.com.br\/index.php?rest_route=%2Fwp%2Fv2%2Fmedia&parent=91719"}],"wp:term":[{"taxonomy":"category","embeddable":true,"href":"https:\/\/diarioregionaldigital.com.br\/index.php?rest_route=%2Fwp%2Fv2%2Fcategories&post=91719"},{"taxonomy":"post_tag","embeddable":true,"href":"https:\/\/diarioregionaldigital.com.br\/index.php?rest_route=%2Fwp%2Fv2%2Ftags&post=91719"}],"curies":[{"name":"wp","href":"https:\/\/api.w.org\/{rel}","templated":true}]}}