{"id":91717,"date":"2018-02-10T11:23:34","date_gmt":"2018-02-10T13:23:34","guid":{"rendered":"http:\/\/diarioregionaljf.com.br\/2018\/02\/10\/estabelecimento-tem-mais-de-r-24-mil-furtados-na-zona-norte\/"},"modified":"2018-02-10T11:23:34","modified_gmt":"2018-02-10T13:23:34","slug":"estabelecimento-tem-mais-de-r-24-mil-furtados-na-zona-norte","status":"publish","type":"post","link":"https:\/\/diarioregionaldigital.com.br\/?p=91717","title":{"rendered":"Estabelecimento tem mais de R$24 mil furtados na zona Norte"},"content":{"rendered":"<p>Um estabelecimento localizado na Rua Tenente Guimar\u00e3es, no bairro Santa L\u00facia, zona Norte de Juiz de Fora, teve mais de R$24 mil roubados nessa quinta-feira, 8. A ocorr\u00eancia foi registrada na manh\u00e3 dessa sexta-feira, 9.<\/p>\n<p>De acordo com informa\u00e7\u00f5es da Pol\u00edcia Militar (BO), a v\u00edtima, uma mulher de 55 anos, relatou que um indiv\u00edduo entrou na loja e furtou v\u00e1rias folhas de cheque, totalizando cerca de R$21.125,70, al\u00e9m da quantia de R$3 mil em dinheiro.<\/p><\/p>\n","protected":false},"excerpt":{"rendered":"<p>Um estabelecimento localizado na Rua Tenente Guimar\u00e3es, no bairro Santa L\u00facia, zona Norte de Juiz de Fora, teve mais de R$24 mil roubados nessa quinta-feira, 8. A ocorr\u00eancia foi registrada na manh\u00e3 dessa sexta-feira, 9. De acordo com informa\u00e7\u00f5es da Pol\u00edcia Militar (BO), a v\u00edtima, uma mulher de 55 anos, relatou que um indiv\u00edduo entrou [&hellip;]<\/p>\n","protected":false},"author":96,"featured_media":91716,"comment_status":"closed","ping_status":"closed","sticky":false,"template":"","format":"standard","meta":{"footnotes":""},"categories":[301],"tags":[],"class_list":["post-91717","post","type-post","status-publish","format-standard","has-post-thumbnail","hentry","category-artigos-policiais"],"_links":{"self":[{"href":"https:\/\/diarioregionaldigital.com.br\/index.php?rest_route=\/wp\/v2\/posts\/91717","targetHints":{"allow":["GET"]}}],"collection":[{"href":"https:\/\/diarioregionaldigital.com.br\/index.php?rest_route=\/wp\/v2\/posts"}],"about":[{"href":"https:\/\/diarioregionaldigital.com.br\/index.php?rest_route=\/wp\/v2\/types\/post"}],"author":[{"embeddable":true,"href":"https:\/\/diarioregionaldigital.com.br\/index.php?rest_route=\/wp\/v2\/users\/96"}],"replies":[{"embeddable":true,"href":"https:\/\/diarioregionaldigital.com.br\/index.php?rest_route=%2Fwp%2Fv2%2Fcomments&post=91717"}],"version-history":[{"count":0,"href":"https:\/\/diarioregionaldigital.com.br\/index.php?rest_route=\/wp\/v2\/posts\/91717\/revisions"}],"wp:featuredmedia":[{"embeddable":true,"href":"https:\/\/diarioregionaldigital.com.br\/index.php?rest_route=\/wp\/v2\/media\/91716"}],"wp:attachment":[{"href":"https:\/\/diarioregionaldigital.com.br\/index.php?rest_route=%2Fwp%2Fv2%2Fmedia&parent=91717"}],"wp:term":[{"taxonomy":"category","embeddable":true,"href":"https:\/\/diarioregionaldigital.com.br\/index.php?rest_route=%2Fwp%2Fv2%2Fcategories&post=91717"},{"taxonomy":"post_tag","embeddable":true,"href":"https:\/\/diarioregionaldigital.com.br\/index.php?rest_route=%2Fwp%2Fv2%2Ftags&post=91717"}],"curies":[{"name":"wp","href":"https:\/\/api.w.org\/{rel}","templated":true}]}}