{"id":91715,"date":"2018-02-10T11:07:53","date_gmt":"2018-02-10T13:07:53","guid":{"rendered":"http:\/\/diarioregionaljf.com.br\/2018\/02\/10\/acidente-envolvendo-caminhao-e-carro-deixa-tres-mortos-na-mg-353\/"},"modified":"2018-02-10T11:07:53","modified_gmt":"2018-02-10T13:07:53","slug":"acidente-envolvendo-caminhao-e-carro-deixa-tres-mortos-na-mg-353","status":"publish","type":"post","link":"https:\/\/diarioregionaldigital.com.br\/?p=91715","title":{"rendered":"Acidente envolvendo caminh\u00e3o e carro deixa tr\u00eas mortos na MG-353"},"content":{"rendered":"<p>A batida entre um caminh\u00e3o e um carro de passeio no KM 44 da MG &#8211; 353 resultou na morte de tr\u00eas pessoas na tarde dessa sexta-feira, 9.<\/p>\n<p>De acordo com informa\u00e7\u00f5es do Corpo de Bombeiros de Juiz de Fora, que atendeu \u00e0 ocorr\u00eancia, os tr\u00eas \u00f3bitos s\u00e3o de pessoas que estavam no carro e ocorreram no local. Ainda conforme a corpora\u00e7\u00e3o, duas das v\u00edtimas ficaram encarceradas e foram retiradas logo ap\u00f3s os trabalhos da per\u00edcia da Pol\u00edcia Civil (PC).<\/p>\n<p>Outros dois passageiros do ve\u00edculo de passeio foram socorridos pelo Servi\u00e7o de Atendimento M\u00f3vel de Urg\u00eancia (SAMU) e levados ao Hospital de Pronto Socorro (HPS).<\/p>\n<p>O motorista do caminh\u00e3o n\u00e3o sofreu les\u00f5es aparentes e o passageiro teve suspeita de fratura no membro superior direito.<\/p>\n<p>A Pol\u00edcia Militar (PM) tamb\u00e9m compareceu ao local e procedeu com a interdi\u00e7\u00e3o parcial da via, que foi liberada logo ap\u00f3s os trabalhos das guarni\u00e7\u00f5es.<\/p>\n<p>&nbsp;<\/p>\n<p>Da reda\u00e7\u00e3o\/Colabora\u00e7\u00e3o: Assessoria Corpo de Bombeiros<\/p>\n","protected":false},"excerpt":{"rendered":"<p>A batida entre um caminh\u00e3o e um carro de passeio no KM 44 da MG &#8211; 353 resultou na morte de tr\u00eas pessoas na tarde dessa sexta-feira, 9. De acordo com informa\u00e7\u00f5es do Corpo de Bombeiros de Juiz de Fora, que atendeu \u00e0 ocorr\u00eancia, os tr\u00eas \u00f3bitos s\u00e3o de pessoas que estavam no carro e [&hellip;]<\/p>\n","protected":false},"author":96,"featured_media":91714,"comment_status":"closed","ping_status":"closed","sticky":false,"template":"","format":"standard","meta":{"footnotes":""},"categories":[252],"tags":[],"class_list":["post-91715","post","type-post","status-publish","format-standard","has-post-thumbnail","hentry","category-regiao"],"_links":{"self":[{"href":"https:\/\/diarioregionaldigital.com.br\/index.php?rest_route=\/wp\/v2\/posts\/91715","targetHints":{"allow":["GET"]}}],"collection":[{"href":"https:\/\/diarioregionaldigital.com.br\/index.php?rest_route=\/wp\/v2\/posts"}],"about":[{"href":"https:\/\/diarioregionaldigital.com.br\/index.php?rest_route=\/wp\/v2\/types\/post"}],"author":[{"embeddable":true,"href":"https:\/\/diarioregionaldigital.com.br\/index.php?rest_route=\/wp\/v2\/users\/96"}],"replies":[{"embeddable":true,"href":"https:\/\/diarioregionaldigital.com.br\/index.php?rest_route=%2Fwp%2Fv2%2Fcomments&post=91715"}],"version-history":[{"count":0,"href":"https:\/\/diarioregionaldigital.com.br\/index.php?rest_route=\/wp\/v2\/posts\/91715\/revisions"}],"wp:featuredmedia":[{"embeddable":true,"href":"https:\/\/diarioregionaldigital.com.br\/index.php?rest_route=\/wp\/v2\/media\/91714"}],"wp:attachment":[{"href":"https:\/\/diarioregionaldigital.com.br\/index.php?rest_route=%2Fwp%2Fv2%2Fmedia&parent=91715"}],"wp:term":[{"taxonomy":"category","embeddable":true,"href":"https:\/\/diarioregionaldigital.com.br\/index.php?rest_route=%2Fwp%2Fv2%2Fcategories&post=91715"},{"taxonomy":"post_tag","embeddable":true,"href":"https:\/\/diarioregionaldigital.com.br\/index.php?rest_route=%2Fwp%2Fv2%2Ftags&post=91715"}],"curies":[{"name":"wp","href":"https:\/\/api.w.org\/{rel}","templated":true}]}}