{"id":91713,"date":"2018-02-10T10:52:09","date_gmt":"2018-02-10T12:52:09","guid":{"rendered":"http:\/\/diarioregionaljf.com.br\/2018\/02\/10\/settra-altera-transito-para-procissao-neste-domingo\/"},"modified":"2018-02-10T10:52:09","modified_gmt":"2018-02-10T12:52:09","slug":"settra-altera-transito-para-procissao-neste-domingo","status":"publish","type":"post","link":"https:\/\/diarioregionaldigital.com.br\/?p=91713","title":{"rendered":"Settra altera tr\u00e2nsito para prociss\u00e3o neste domingo"},"content":{"rendered":"<p>Neste domingo, 11, a Secretaria de Transporte e Tr\u00e2nsito (Settra) da Prefeitura de Juiz de Fora (PJF) promover\u00e1 altera\u00e7\u00f5es no tr\u00e2nsito da regi\u00e3o norte, para realiza\u00e7\u00e3o da \u201cProciss\u00e3o da Igreja Nossa Senhora de Lourdes\u201d, no Bairro Francisco Bernardino. Das 20h \u00e0s 21h30, as vias que fazem parte do trajeto do cortejo estar\u00e3o fechadas parcialmente.<\/p>\n<p>O percurso da caminhada, com in\u00edcio na igreja, na Avenida Presidente Juscelino Kubitschek, ser\u00e1 o seguinte: ruas Tomaz Gonzaga, Berta Halfeld Paleta, Manoel Diniz da Silva, Professor Meton de Alencar, Ab\u00edlio Gomes, Te\u00f3filo Tertuliano da Silva e Tomaz Gonzaga, at\u00e9 a igreja.<\/p>\n<p>&nbsp;<\/p>\n<p>Fonte: Assessoria<\/p>\n","protected":false},"excerpt":{"rendered":"<p>Neste domingo, 11, a Secretaria de Transporte e Tr\u00e2nsito (Settra) da Prefeitura de Juiz de Fora (PJF) promover\u00e1 altera\u00e7\u00f5es no tr\u00e2nsito da regi\u00e3o norte, para realiza\u00e7\u00e3o da \u201cProciss\u00e3o da Igreja Nossa Senhora de Lourdes\u201d, no Bairro Francisco Bernardino. Das 20h \u00e0s 21h30, as vias que fazem parte do trajeto do cortejo estar\u00e3o fechadas parcialmente. O [&hellip;]<\/p>\n","protected":false},"author":96,"featured_media":91712,"comment_status":"closed","ping_status":"closed","sticky":false,"template":"","format":"standard","meta":{"footnotes":""},"categories":[253],"tags":[],"class_list":["post-91713","post","type-post","status-publish","format-standard","has-post-thumbnail","hentry","category-cidade"],"_links":{"self":[{"href":"https:\/\/diarioregionaldigital.com.br\/index.php?rest_route=\/wp\/v2\/posts\/91713","targetHints":{"allow":["GET"]}}],"collection":[{"href":"https:\/\/diarioregionaldigital.com.br\/index.php?rest_route=\/wp\/v2\/posts"}],"about":[{"href":"https:\/\/diarioregionaldigital.com.br\/index.php?rest_route=\/wp\/v2\/types\/post"}],"author":[{"embeddable":true,"href":"https:\/\/diarioregionaldigital.com.br\/index.php?rest_route=\/wp\/v2\/users\/96"}],"replies":[{"embeddable":true,"href":"https:\/\/diarioregionaldigital.com.br\/index.php?rest_route=%2Fwp%2Fv2%2Fcomments&post=91713"}],"version-history":[{"count":0,"href":"https:\/\/diarioregionaldigital.com.br\/index.php?rest_route=\/wp\/v2\/posts\/91713\/revisions"}],"wp:featuredmedia":[{"embeddable":true,"href":"https:\/\/diarioregionaldigital.com.br\/index.php?rest_route=\/wp\/v2\/media\/91712"}],"wp:attachment":[{"href":"https:\/\/diarioregionaldigital.com.br\/index.php?rest_route=%2Fwp%2Fv2%2Fmedia&parent=91713"}],"wp:term":[{"taxonomy":"category","embeddable":true,"href":"https:\/\/diarioregionaldigital.com.br\/index.php?rest_route=%2Fwp%2Fv2%2Fcategories&post=91713"},{"taxonomy":"post_tag","embeddable":true,"href":"https:\/\/diarioregionaldigital.com.br\/index.php?rest_route=%2Fwp%2Fv2%2Ftags&post=91713"}],"curies":[{"name":"wp","href":"https:\/\/api.w.org\/{rel}","templated":true}]}}