{"id":91711,"date":"2018-02-10T10:45:35","date_gmt":"2018-02-10T12:45:35","guid":{"rendered":"http:\/\/diarioregionaljf.com.br\/2018\/02\/10\/comunidade-aprova-novo-projeto-urbanistico-para-povoado-destruido-em-mariana\/"},"modified":"2018-02-10T10:45:35","modified_gmt":"2018-02-10T12:45:35","slug":"comunidade-aprova-novo-projeto-urbanistico-para-povoado-destruido-em-mariana","status":"publish","type":"post","link":"https:\/\/diarioregionaldigital.com.br\/?p=91711","title":{"rendered":"Comunidade aprova novo projeto urban\u00edstico para povoado destru\u00eddo em Mariana"},"content":{"rendered":"<p>Os atingidos da trag\u00e9dia de Mariana (a cerca de 232 Km de Juiz de Fora) aprovaram o novo projeto urban\u00edstico para a reconstru\u00e7\u00e3o do distrito de Bento Rodrigues, destru\u00eddo pelo rompimento da barragem de Fund\u00e3o da mineradora Samarco. Conforme divulgou nessa sexta-feira, 9, a Funda\u00e7\u00e3o Renova, que \u00e9 respons\u00e1vel pela reconstru\u00e7\u00e3o da comunidade, foram 179 votos favor\u00e1veis \u00e0 proposta elaborada, que traz a distribui\u00e7\u00e3o das ruas, quadras e terrenos. Apenas uma pessoa votou contra. A decis\u00e3o foi tomada em assembleia realizada na noite de quinta-feira, 8.<\/p>\n<p>A assembleia contou com a presen\u00e7a de representantes do governo de Minas Gerais, da prefeitura de Mariana e do Minist\u00e9rio P\u00fablico de Minas Gerais (MPMG). Cada fam\u00edlia tinha direito a um voto. Conforme havia sido definido pela comiss\u00e3o de atingidos, a assembleia s\u00f3 poderia ser realizada com a presen\u00e7a de, ao menos, 75% das 226 fam\u00edlias que moravam no distrito. O qu\u00f3rum m\u00ednimo de 169 presentes aptos a votar foi superado.<\/p>\n<p>A trag\u00e9dia ambiental de Mariana, considerada a maior do pa\u00eds, ocorreu em novembro de 2015. A barragem de Fund\u00e3o, pertencente \u00e0 mineradora Samarco, se rompeu e liberou cerca de 39 milh\u00f5es de metros c\u00fabicos de rejeitos. Dezenove pessoas morreram. Houve devasta\u00e7\u00e3o da vegeta\u00e7\u00e3o nativa e polui\u00e7\u00e3o da Bacia do Rio Doce. No munic\u00edpio de Mariana, al\u00e9m de Bento Rodrigues, tamb\u00e9m foi destru\u00eddo o distrito de Paracatu, cuja reconstru\u00e7\u00e3o est\u00e1 igualmente sob a responsabilidade da Funda\u00e7\u00e3o Renova.<\/p>\n<p>O terreno onde Bento Rodrigues ser\u00e1 reerguido foi escolhido pelos moradores em 2016. A \u00e1rea tem 98 hectares e fica a cerca de oito quil\u00f4metros do centro de Mariana e a aproximadamente nove quil\u00f4metros da antiga comunidade. A reconstru\u00e7\u00e3o ser\u00e1 integralmente custeada pela Samarco e por suas acionistas Vale e BHP Billiton, conforme consta em acordo assinado entre as tr\u00eas mineradoras, o governo federal e os governos de Minas Gerais e do Esp\u00edrito Santo. O mesmo acordo previa a cria\u00e7\u00e3o da Funda\u00e7\u00e3o Renova para gerir os programas de recupera\u00e7\u00e3o dos danos da trag\u00e9dia.<\/p>\n<p>&nbsp;<\/p>\n<h4>AJUSTES<\/h4>\n<p>Em janeiro de 2017, os moradores j\u00e1 haviam aprovado um projeto urban\u00edstico. No entanto, ele teve que sofrer ajustes, o que justificou a nova vota\u00e7\u00e3o. \u201cHouve necessidade de alguns reparos, o que exigiu uma nova aprecia\u00e7\u00e3o. Na vers\u00e3o anterior, a \u00e1rea prevista para urbaniza\u00e7\u00e3o era menor. E em conversa com os \u00f3rg\u00e3o p\u00fablicos, chegou-se ao entendimento de que ali n\u00e3o caberia toda a comunidade. O lote de algumas fam\u00edlias tamb\u00e9m n\u00e3o estava identificado e algumas ruas precisaram ser modificadas\u201d, conta o integrante da comiss\u00e3o de atingidos Antonio Pereira Gon\u00e7alves, conhecido como Da Lua.<\/p>\n<p>Da Lua lamentou os contratempos no processo. \u201cAtrasou bastante. J\u00e1 se passaram dois anos. No ritmo atual, n\u00e3o atende mais o que foi previsto, que era entregar \u00e0 comunidade em 2019. Isso n\u00e3o vai acontecer. Vamos precisar esperar mais um pouco. Mas, de toda forma, \u00e9 mais um passo que demos com a aprova\u00e7\u00e3o do projeto urban\u00edstico\u201d.<\/p>\n<p>De acordo com a Funda\u00e7\u00e3o Renova, foram seguidas as diretrizes apontadas pela comunidade de Bento Rodrigues durante um processo de escuta que envolveu a comiss\u00e3o de atingidos e a assessoria t\u00e9cnica C\u00e1ritas, que assessora os atingidos em Mariana. As pr\u00f3ximas etapas envolvem os projetos de engenharia e os estudos ambientais que s\u00e3o pr\u00e9-requisito para protocolar os pedidos de licen\u00e7a necess\u00e1rios.<\/p>\n<p>O novo distrito buscar\u00e1 preservar, ao m\u00e1ximo, as caracter\u00edsticas originais e os aspectos patrimoniais, urban\u00edsticos e culturais de Bento Rodrigues, sobretudo a rela\u00e7\u00e3o de vizinhan\u00e7a. \u201cO desenho do projeto urban\u00edstico, a defini\u00e7\u00e3o do seu tamanho e limites, al\u00e9m da distribui\u00e7\u00e3o das ruas e quadras foram definidos a partir de duas outras propostas apresentadas e amplamente discutidas em 23 oficinas, realizadas em novembro de 2017 com 164 fam\u00edlias. As pondera\u00e7\u00f5es da comunidade feitas durante as atividades foram consideradas e inclu\u00eddas\u201d, informa em nota a Funda\u00e7\u00e3o Renova.<\/p>\n<p>&nbsp;<\/p>\n<p>Fonte: Ag\u00eancia Brasil<\/p>\n","protected":false},"excerpt":{"rendered":"<p>Os atingidos da trag\u00e9dia de Mariana (a cerca de 232 Km de Juiz de Fora) aprovaram o novo projeto urban\u00edstico para a reconstru\u00e7\u00e3o do distrito de Bento Rodrigues, destru\u00eddo pelo rompimento da barragem de Fund\u00e3o da mineradora Samarco. Conforme divulgou nessa sexta-feira, 9, a Funda\u00e7\u00e3o Renova, que \u00e9 respons\u00e1vel pela reconstru\u00e7\u00e3o da comunidade, foram 179 [&hellip;]<\/p>\n","protected":false},"author":96,"featured_media":91710,"comment_status":"closed","ping_status":"closed","sticky":false,"template":"","format":"standard","meta":{"footnotes":""},"categories":[302],"tags":[],"class_list":["post-91711","post","type-post","status-publish","format-standard","has-post-thumbnail","hentry","category-brasil-mundo"],"_links":{"self":[{"href":"https:\/\/diarioregionaldigital.com.br\/index.php?rest_route=\/wp\/v2\/posts\/91711","targetHints":{"allow":["GET"]}}],"collection":[{"href":"https:\/\/diarioregionaldigital.com.br\/index.php?rest_route=\/wp\/v2\/posts"}],"about":[{"href":"https:\/\/diarioregionaldigital.com.br\/index.php?rest_route=\/wp\/v2\/types\/post"}],"author":[{"embeddable":true,"href":"https:\/\/diarioregionaldigital.com.br\/index.php?rest_route=\/wp\/v2\/users\/96"}],"replies":[{"embeddable":true,"href":"https:\/\/diarioregionaldigital.com.br\/index.php?rest_route=%2Fwp%2Fv2%2Fcomments&post=91711"}],"version-history":[{"count":0,"href":"https:\/\/diarioregionaldigital.com.br\/index.php?rest_route=\/wp\/v2\/posts\/91711\/revisions"}],"wp:featuredmedia":[{"embeddable":true,"href":"https:\/\/diarioregionaldigital.com.br\/index.php?rest_route=\/wp\/v2\/media\/91710"}],"wp:attachment":[{"href":"https:\/\/diarioregionaldigital.com.br\/index.php?rest_route=%2Fwp%2Fv2%2Fmedia&parent=91711"}],"wp:term":[{"taxonomy":"category","embeddable":true,"href":"https:\/\/diarioregionaldigital.com.br\/index.php?rest_route=%2Fwp%2Fv2%2Fcategories&post=91711"},{"taxonomy":"post_tag","embeddable":true,"href":"https:\/\/diarioregionaldigital.com.br\/index.php?rest_route=%2Fwp%2Fv2%2Ftags&post=91711"}],"curies":[{"name":"wp","href":"https:\/\/api.w.org\/{rel}","templated":true}]}}