{"id":91707,"date":"2018-02-09T22:21:32","date_gmt":"2018-02-10T00:21:32","guid":{"rendered":"http:\/\/diarioregionaljf.com.br\/2018\/02\/09\/tocantins-11-02-18\/"},"modified":"2018-08-13T20:36:20","modified_gmt":"2018-08-13T23:36:20","slug":"tocantins-11-02-18","status":"publish","type":"post","link":"https:\/\/diarioregionaldigital.com.br\/?p=91707","title":{"rendered":"Tocantins 11\/02\/18"},"content":{"rendered":"<p><span class=\"h4\">AVISO DE LICITA\u00c7\u00c3O<\/span><br \/><span class=\"h4\">Licita\u00e7\u00e3o n\u00b0 019\/2018<\/span><br \/><span class=\"h4\">Modalidade de Preg\u00e3o Presencial n\u00b0 014\/2018<\/span><br \/>O Munic\u00edpio de TOCANTINS, na forma da lei, faz saber a todos os interessados que far\u00e1 licita\u00e7\u00e3o na modalidade de preg\u00e3o presencial para aquisi\u00e7\u00e3o de dois ve\u00edculos 0 KM (primeiro emplacamento), cor branco s\u00f3lido, com descri\u00e7\u00e3o no termo de refer\u00eancia t\u00e9cnica, para atender a Secretaria de Sa\u00fade do Munic\u00edpio, no dia 28\/02\/2018 as 14:00 horas na sala da comiss\u00e3o de licita\u00e7\u00e3o, localizada na Av. Padre Mac\u00e1rio, n\u00b0 129, bairro Centro, munic\u00edpio de TOCANTINS. O edital completo encontra-se a disposi\u00e7\u00e3o dos interessados no endere\u00e7o citado anteriormente, no hor\u00e1rio de expediente de 08:00 as 11:00 horas e das 13:00 as 16:00 horas.<br \/>TOCANTINS, 09 de fevereiro de 2018. MARIA DE F\u00c1TIMA DA SILVA RODRIGUES &#8211; PREGOEIRA<\/p>\n","protected":false},"excerpt":{"rendered":"<p>AVISO DE LICITA\u00c7\u00c3OLicita\u00e7\u00e3o n\u00b0 019\/2018Modalidade de Preg\u00e3o Presencial n\u00b0 014\/2018O Munic\u00edpio de TOCANTINS, na forma da lei, faz saber a todos os interessados que far\u00e1 licita\u00e7\u00e3o na modalidade de preg\u00e3o presencial para aquisi\u00e7\u00e3o de dois ve\u00edculos 0 KM (primeiro emplacamento), cor branco s\u00f3lido, com descri\u00e7\u00e3o no termo de refer\u00eancia t\u00e9cnica, para atender a Secretaria de [&hellip;]<\/p>\n","protected":false},"author":96,"featured_media":0,"comment_status":"closed","ping_status":"closed","sticky":false,"template":"","format":"standard","meta":{"footnotes":""},"categories":[307],"tags":[],"class_list":["post-91707","post","type-post","status-publish","format-standard","hentry","category-editais"],"_links":{"self":[{"href":"https:\/\/diarioregionaldigital.com.br\/index.php?rest_route=\/wp\/v2\/posts\/91707","targetHints":{"allow":["GET"]}}],"collection":[{"href":"https:\/\/diarioregionaldigital.com.br\/index.php?rest_route=\/wp\/v2\/posts"}],"about":[{"href":"https:\/\/diarioregionaldigital.com.br\/index.php?rest_route=\/wp\/v2\/types\/post"}],"author":[{"embeddable":true,"href":"https:\/\/diarioregionaldigital.com.br\/index.php?rest_route=\/wp\/v2\/users\/96"}],"replies":[{"embeddable":true,"href":"https:\/\/diarioregionaldigital.com.br\/index.php?rest_route=%2Fwp%2Fv2%2Fcomments&post=91707"}],"version-history":[{"count":0,"href":"https:\/\/diarioregionaldigital.com.br\/index.php?rest_route=\/wp\/v2\/posts\/91707\/revisions"}],"wp:attachment":[{"href":"https:\/\/diarioregionaldigital.com.br\/index.php?rest_route=%2Fwp%2Fv2%2Fmedia&parent=91707"}],"wp:term":[{"taxonomy":"category","embeddable":true,"href":"https:\/\/diarioregionaldigital.com.br\/index.php?rest_route=%2Fwp%2Fv2%2Fcategories&post=91707"},{"taxonomy":"post_tag","embeddable":true,"href":"https:\/\/diarioregionaldigital.com.br\/index.php?rest_route=%2Fwp%2Fv2%2Ftags&post=91707"}],"curies":[{"name":"wp","href":"https:\/\/api.w.org\/{rel}","templated":true}]}}