{"id":91706,"date":"2018-02-09T22:18:55","date_gmt":"2018-02-10T00:18:55","guid":{"rendered":"http:\/\/diarioregionaljf.com.br\/2018\/02\/09\/na-pauta-4\/"},"modified":"2018-02-09T22:18:55","modified_gmt":"2018-02-10T00:18:55","slug":"na-pauta-4","status":"publish","type":"post","link":"https:\/\/diarioregionaldigital.com.br\/?p=91706","title":{"rendered":"Na Pauta"},"content":{"rendered":"<p style=\"text-align: center;\"><span class=\"h4\">Livro<\/span><br \/>Escritores de diversas regi\u00f5es do pa\u00eds est\u00e3o sendo convidados para apresentarem suas obras no Sal\u00e3o Internacional do Livro no Rio de Janeiro. Organizado pela ZL Editora, o evento acontecer\u00e1 na Casa Fran\u00e7a Brasil, na regi\u00e3o central da cidade maravilhosa, entre os dias 28 de mar\u00e7o a 4 de abril. Al\u00e9m de apresentar diversas obras do Brasil e exterior, o Sal\u00e3o do Livro ir\u00e1 promover palestras sobre literatura e o mercado editorial. A homenagem deste ano, ser\u00e1 para o saudoso poeta Ferreira Gullar.<\/p>\n<p style=\"text-align: center;\"><span class=\"h4\">Na Pauta<\/span><br \/>O Caf\u00e9 Filos\u00f3fico, programa desenvolvido pelo Pensando Bem \u2013 N\u00facleo de Pesquisa em Filosofia e Educa\u00e7\u00e3o \u2013 UFJF, vai promover palestra inaugural das atividades em 2018. O primeiro encontro ser\u00e1 no dia 23 de fevereiro, \u00e0s 19h, na Biblioteca Redentorista com o tema \u201cA Arte de Bem Pensar a Vida e o Sentido de Viver\u201d. Para o pl\u00e1, foi convidado o professor Padre Dalton Barros.<\/p>\n<p style=\"text-align: center;\"><span class=\"h4\">Mangueira<\/span><br \/>A deslumbrante Ursula Scavolini vai desfilar em um carro da Mangueira com linda fantasia. A escola que ser\u00e1 a \u00faltima a desfilar no domingo, promete carregar a multid\u00e3o no final do desfile em cores verde e rosa.<\/p>\n<p style=\"text-align: center;\"><span class=\"h4\">Fechado<\/span><br \/>Em tempo de falta de verbas para todos os lados, o Museu de Cabangu, em Santos Dumont, \u00e9 outra v\u00edtima. Foi fechado ap\u00f3s seis meses de atraso do repasse de verbas da prefeitura de l\u00e1. Quatro funcion\u00e1rios est\u00e3o paralisados por tempo indeterminado.<\/p>\n<p style=\"text-align: center;\"><span class=\"h4\">Aberto de Ver\u00e3o<\/span><br \/>Quatro lutadores de jiu-j\u00edtsu de Juiz de Fora voltaram do Rio de Janeiro com medalhas no Aberto de Ver\u00e3o da modalidade, organizado pela Federa\u00e7\u00e3o de Jiu-jitsu da cidade maravilhosa. Palmas para: William Sales, Juracy J\u00fanior, Carlos Rodrigo e Paulo Shogun.<\/p>\n<p style=\"text-align: center;\"><img decoding=\"async\" class=\" size-full wp-image-91690\" src=\"http:\/\/diarioregionaljf.com.br\/wp-content\/uploads\/2018\/02\/diario-int-24074-1.jpg\" alt=\"fotocc.jpg\" width=\"680\" style=\"display: block; margin-left: auto; margin-right: auto;\" srcset=\"https:\/\/diarioregionaldigital.com.br\/wp-content\/uploads\/2018\/02\/diario-int-24074-1.jpg 680w, https:\/\/diarioregionaldigital.com.br\/wp-content\/uploads\/2018\/02\/diario-int-24074-1-300x172.jpg 300w, https:\/\/diarioregionaldigital.com.br\/wp-content\/uploads\/2018\/02\/diario-int-24074-1-360x206.jpg 360w\" sizes=\"(max-width: 680px) 100vw, 680px\" \/>No Baile de Gala da Banda Daki no UniverShow, os colunistas irm\u00e3os Eduardo Gomes e Marc\u00edlio Gomes ladeando Daniele Camacho Siqueira e prefeito Bruno Siqueira<\/p>\n<p style=\"text-align: center;\"><img decoding=\"async\" class=\" size-full wp-image-91691\" src=\"http:\/\/diarioregionaljf.com.br\/wp-content\/uploads\/2018\/02\/diario-int-24074-2.jpg\" alt=\"fotoa.jpg\" width=\"680\" style=\"display: block; margin-left: auto; margin-right: auto;\" srcset=\"https:\/\/diarioregionaldigital.com.br\/wp-content\/uploads\/2018\/02\/diario-int-24074-2.jpg 680w, https:\/\/diarioregionaldigital.com.br\/wp-content\/uploads\/2018\/02\/diario-int-24074-2-300x199.jpg 300w, https:\/\/diarioregionaldigital.com.br\/wp-content\/uploads\/2018\/02\/diario-int-24074-2-360x238.jpg 360w\" sizes=\"(max-width: 680px) 100vw, 680px\" \/>No Terrazzo destacando no baile do Come Quieto, Ivanir Ferreira, N\u00e1dia Juste, Dani Verpel e Carlos Alberto Ferreira<\/p>\n<p style=\"text-align: center;\"><img decoding=\"async\" class=\" size-full wp-image-91692\" src=\"http:\/\/diarioregionaljf.com.br\/wp-content\/uploads\/2018\/02\/diario-int-24074-3.jpg\" alt=\"fotoaa.jpg\" width=\"680\" style=\"display: block; margin-left: auto; margin-right: auto;\" srcset=\"https:\/\/diarioregionaldigital.com.br\/wp-content\/uploads\/2018\/02\/diario-int-24074-3.jpg 680w, https:\/\/diarioregionaldigital.com.br\/wp-content\/uploads\/2018\/02\/diario-int-24074-3-300x243.jpg 300w, https:\/\/diarioregionaldigital.com.br\/wp-content\/uploads\/2018\/02\/diario-int-24074-3-360x291.jpg 360w\" sizes=\"(max-width: 680px) 100vw, 680px\" \/>O maquiador Rhuan Gregori em make-up deslumbrante de Alerrando Martins, para arrasar no carnaval de Ub\u00e1<\/p>\n<p style=\"text-align: center;\"><img decoding=\"async\" class=\" size-full wp-image-91693\" src=\"http:\/\/diarioregionaljf.com.br\/wp-content\/uploads\/2018\/02\/diario-int-24074-4.jpg\" alt=\"fotob.jpg\" width=\"680\" style=\"display: block; margin-left: auto; margin-right: auto;\" srcset=\"https:\/\/diarioregionaldigital.com.br\/wp-content\/uploads\/2018\/02\/diario-int-24074-4.jpg 680w, https:\/\/diarioregionaldigital.com.br\/wp-content\/uploads\/2018\/02\/diario-int-24074-4-300x243.jpg 300w, https:\/\/diarioregionaldigital.com.br\/wp-content\/uploads\/2018\/02\/diario-int-24074-4-360x291.jpg 360w\" sizes=\"(max-width: 680px) 100vw, 680px\" \/>Os juiz-foranos Maria Lu\u00edsa Barboza Pinto (Boz\u00f3) e Dorival Pinto desfilam hoje, domingo, na Mangueira, em plena Marqu\u00eas de Sapuca\u00ed, no Rio de Janeiro<\/p>\n<p style=\"text-align: center;\"><img decoding=\"async\" class=\" size-full wp-image-91694\" src=\"http:\/\/diarioregionaljf.com.br\/wp-content\/uploads\/2018\/02\/diario-int-24074-5.jpg\" alt=\"fotobb.jpg\" width=\"680\" style=\"display: block; margin-left: auto; margin-right: auto;\" srcset=\"https:\/\/diarioregionaldigital.com.br\/wp-content\/uploads\/2018\/02\/diario-int-24074-5.jpg 680w, https:\/\/diarioregionaldigital.com.br\/wp-content\/uploads\/2018\/02\/diario-int-24074-5-300x243.jpg 300w, https:\/\/diarioregionaldigital.com.br\/wp-content\/uploads\/2018\/02\/diario-int-24074-5-360x291.jpg 360w\" sizes=\"(max-width: 680px) 100vw, 680px\" \/>Heloisa Monteiro e Eveline Toledo, gloriosas no bloco do Beco<\/p>\n<p style=\"text-align: center;\"><img decoding=\"async\" class=\" size-full wp-image-91695\" src=\"http:\/\/diarioregionaljf.com.br\/wp-content\/uploads\/2018\/02\/diario-int-24074-6.jpg\" alt=\"fotod.jpg\" width=\"680\" style=\"display: block; margin-left: auto; margin-right: auto;\" srcset=\"https:\/\/diarioregionaldigital.com.br\/wp-content\/uploads\/2018\/02\/diario-int-24074-6.jpg 680w, https:\/\/diarioregionaldigital.com.br\/wp-content\/uploads\/2018\/02\/diario-int-24074-6-300x199.jpg 300w, https:\/\/diarioregionaldigital.com.br\/wp-content\/uploads\/2018\/02\/diario-int-24074-6-360x238.jpg 360w\" sizes=\"(max-width: 680px) 100vw, 680px\" \/>Lindos no Bloco Nega Maria, Lu\u00eds Felipe Falc\u00e3o e Ju Nega<\/p>\n<p style=\"text-align: center;\"><img decoding=\"async\" class=\" size-full wp-image-91696\" src=\"http:\/\/diarioregionaljf.com.br\/wp-content\/uploads\/2018\/02\/diario-int-24074-7.jpg\" alt=\"fotodd.jpg\" width=\"680\" style=\"display: block; margin-left: auto; margin-right: auto;\" srcset=\"https:\/\/diarioregionaldigital.com.br\/wp-content\/uploads\/2018\/02\/diario-int-24074-7.jpg 680w, https:\/\/diarioregionaldigital.com.br\/wp-content\/uploads\/2018\/02\/diario-int-24074-7-300x199.jpg 300w, https:\/\/diarioregionaldigital.com.br\/wp-content\/uploads\/2018\/02\/diario-int-24074-7-360x238.jpg 360w\" sizes=\"(max-width: 680px) 100vw, 680px\" \/>No superlotado Baile da Banda Daki, no UniverShow, o&nbsp; anfitri\u00e3o Z\u00e9 Kodak ladeado de Oswaldo Fernandes Filho, Carlos Guedes e Nelson Resende de Barros<\/p>\n<p style=\"text-align: center;\"><img decoding=\"async\" class=\" size-full wp-image-91697\" src=\"http:\/\/diarioregionaljf.com.br\/wp-content\/uploads\/2018\/02\/diario-int-24074-8.jpg\" alt=\"fotoe.jpg\" width=\"680\" style=\"display: block; margin-left: auto; margin-right: auto;\" srcset=\"https:\/\/diarioregionaldigital.com.br\/wp-content\/uploads\/2018\/02\/diario-int-24074-8.jpg 680w, https:\/\/diarioregionaldigital.com.br\/wp-content\/uploads\/2018\/02\/diario-int-24074-8-300x199.jpg 300w, https:\/\/diarioregionaldigital.com.br\/wp-content\/uploads\/2018\/02\/diario-int-24074-8-360x238.jpg 360w\" sizes=\"(max-width: 680px) 100vw, 680px\" \/>No Mangarito, a classe e eleg\u00e2ncia de Neuza Marsicano<\/p>\n<p style=\"text-align: center;\"><img decoding=\"async\" class=\" size-full wp-image-91698\" src=\"http:\/\/diarioregionaljf.com.br\/wp-content\/uploads\/2018\/02\/diario-int-24074-9.jpg\" alt=\"fotof.jpg\" width=\"680\" style=\"display: block; margin-left: auto; margin-right: auto;\" srcset=\"https:\/\/diarioregionaldigital.com.br\/wp-content\/uploads\/2018\/02\/diario-int-24074-9.jpg 680w, https:\/\/diarioregionaldigital.com.br\/wp-content\/uploads\/2018\/02\/diario-int-24074-9-300x243.jpg 300w, https:\/\/diarioregionaldigital.com.br\/wp-content\/uploads\/2018\/02\/diario-int-24074-9-360x291.jpg 360w\" sizes=\"(max-width: 680px) 100vw, 680px\" \/>Para curtir os bailes de carnaval, Mariana Carvalho e Maria Lu\u00edsa Lomeu foram maquiadas por Gleicy Bachini e acess\u00f3rios by Candy<\/p>\n<p style=\"text-align: center;\"><img decoding=\"async\" class=\" size-full wp-image-91699\" src=\"http:\/\/diarioregionaljf.com.br\/wp-content\/uploads\/2018\/02\/diario-int-24074-10.jpg\" alt=\"fotog.jpg\" width=\"680\" style=\"display: block; margin-left: auto; margin-right: auto;\" srcset=\"https:\/\/diarioregionaldigital.com.br\/wp-content\/uploads\/2018\/02\/diario-int-24074-10.jpg 680w, https:\/\/diarioregionaldigital.com.br\/wp-content\/uploads\/2018\/02\/diario-int-24074-10-300x199.jpg 300w, https:\/\/diarioregionaldigital.com.br\/wp-content\/uploads\/2018\/02\/diario-int-24074-10-360x238.jpg 360w\" sizes=\"(max-width: 680px) 100vw, 680px\" \/>Para arrasar na Banda de Ipanema, no Rio, o dan\u00e7arino e jogador W\u00eamerson Goulart<\/p>\n<p style=\"text-align: center;\"><img decoding=\"async\" class=\" size-full wp-image-91700\" src=\"http:\/\/diarioregionaljf.com.br\/wp-content\/uploads\/2018\/02\/diario-int-24074-11.jpg\" alt=\"fotoi.jpg\" width=\"680\" style=\"display: block; margin-left: auto; margin-right: auto;\" srcset=\"https:\/\/diarioregionaldigital.com.br\/wp-content\/uploads\/2018\/02\/diario-int-24074-11.jpg 680w, https:\/\/diarioregionaldigital.com.br\/wp-content\/uploads\/2018\/02\/diario-int-24074-11-300x199.jpg 300w, https:\/\/diarioregionaldigital.com.br\/wp-content\/uploads\/2018\/02\/diario-int-24074-11-360x238.jpg 360w\" sizes=\"(max-width: 680px) 100vw, 680px\" \/>Cantores lindos no Bloco Parangol\u00e9 Valvulado, Roger Resende, Uiara Leigo e Edson Le\u00e3o<\/p>\n<p style=\"text-align: center;\"><img decoding=\"async\" class=\" size-full wp-image-91701\" src=\"http:\/\/diarioregionaljf.com.br\/wp-content\/uploads\/2018\/02\/diario-int-24074-12.jpg\" alt=\"fotoj.jpg\" width=\"680\" style=\"display: block; margin-left: auto; margin-right: auto;\" srcset=\"https:\/\/diarioregionaldigital.com.br\/wp-content\/uploads\/2018\/02\/diario-int-24074-12.jpg 680w, https:\/\/diarioregionaldigital.com.br\/wp-content\/uploads\/2018\/02\/diario-int-24074-12-300x199.jpg 300w, https:\/\/diarioregionaldigital.com.br\/wp-content\/uploads\/2018\/02\/diario-int-24074-12-360x238.jpg 360w\" sizes=\"(max-width: 680px) 100vw, 680px\" \/>Personalidades no Bloco Eu e Voc\u00ea, Carlos Guedes, Liliane Gonzaga, Renato Saleme e Edimar Augusto<\/p>\n<p style=\"text-align: center;\"><img decoding=\"async\" class=\" size-full wp-image-91702\" src=\"http:\/\/diarioregionaljf.com.br\/wp-content\/uploads\/2018\/02\/diario-int-24074-13.jpg\" alt=\"fotol.jpg\" width=\"680\" style=\"display: block; margin-left: auto; margin-right: auto;\" srcset=\"https:\/\/diarioregionaldigital.com.br\/wp-content\/uploads\/2018\/02\/diario-int-24074-13.jpg 680w, https:\/\/diarioregionaldigital.com.br\/wp-content\/uploads\/2018\/02\/diario-int-24074-13-300x199.jpg 300w, https:\/\/diarioregionaldigital.com.br\/wp-content\/uploads\/2018\/02\/diario-int-24074-13-360x238.jpg 360w\" sizes=\"(max-width: 680px) 100vw, 680px\" \/>Absoluto no baile do Come Quieto, Thiago Guimar\u00e3es<\/p>\n<p style=\"text-align: center;\"><img decoding=\"async\" class=\" size-full wp-image-91703\" src=\"http:\/\/diarioregionaljf.com.br\/wp-content\/uploads\/2018\/02\/diario-int-24074-14.jpg\" alt=\"fotom.jpg\" width=\"680\" style=\"display: block; margin-left: auto; margin-right: auto;\" srcset=\"https:\/\/diarioregionaldigital.com.br\/wp-content\/uploads\/2018\/02\/diario-int-24074-14.jpg 680w, https:\/\/diarioregionaldigital.com.br\/wp-content\/uploads\/2018\/02\/diario-int-24074-14-300x199.jpg 300w, https:\/\/diarioregionaldigital.com.br\/wp-content\/uploads\/2018\/02\/diario-int-24074-14-360x238.jpg 360w\" sizes=\"(max-width: 680px) 100vw, 680px\" \/>No baile do Come Quieto, os elegantes Sherida Mansur e Joyce Altaf<\/p>\n<p style=\"text-align: center;\"><img decoding=\"async\" class=\" size-full wp-image-91704\" src=\"http:\/\/diarioregionaljf.com.br\/wp-content\/uploads\/2018\/02\/diario-int-24074-15.jpg\" alt=\"fotoo.jpg\" width=\"680\" style=\"display: block; margin-left: auto; margin-right: auto;\" srcset=\"https:\/\/diarioregionaldigital.com.br\/wp-content\/uploads\/2018\/02\/diario-int-24074-15.jpg 680w, https:\/\/diarioregionaldigital.com.br\/wp-content\/uploads\/2018\/02\/diario-int-24074-15-300x199.jpg 300w, https:\/\/diarioregionaldigital.com.br\/wp-content\/uploads\/2018\/02\/diario-int-24074-15-360x238.jpg 360w\" sizes=\"(max-width: 680px) 100vw, 680px\" \/>No Bloco da Inclus\u00e3o, Ney e Beth Ank<\/p>\n<p style=\"text-align: center;\"><img decoding=\"async\" class=\" size-full wp-image-91705\" src=\"http:\/\/diarioregionaljf.com.br\/wp-content\/uploads\/2018\/02\/diario-int-24074-16.jpg\" alt=\"fotop.jpg\" width=\"680\" style=\"display: block; margin-left: auto; margin-right: auto;\" srcset=\"https:\/\/diarioregionaldigital.com.br\/wp-content\/uploads\/2018\/02\/diario-int-24074-16.jpg 680w, https:\/\/diarioregionaldigital.com.br\/wp-content\/uploads\/2018\/02\/diario-int-24074-16-300x243.jpg 300w, https:\/\/diarioregionaldigital.com.br\/wp-content\/uploads\/2018\/02\/diario-int-24074-16-360x291.jpg 360w\" sizes=\"(max-width: 680px) 100vw, 680px\" \/>Eles s\u00e3o lindos e eternos no Pavilh\u00e3o da Mangueira, a cantora Rosemary e o baluarte verde e rosa, Nelson Sargento<\/p>\n<p class=\"h4\" style=\"text-align: center;\">FOTOSS\u00cdNTESE<\/p>\n<p>Amigos e leitores desta coluna est\u00e3o passando o carnaval longe de Juiz de Fora. Talison Vardiero e Erika Beire est\u00e3o no Esp\u00edrito Santo, Rodrigo Motta e Wellington Soares em Rio Preto, Jorge Junior e Mauro Lipp, Lucas Lorhan, M\u00e1rcio Marques e Ricardo Sousa no Rio de Janeiro, Russa e Marcelo Goyat\u00e1 em Barbacena e Marcelle Oliveira junta a fam\u00edlia em Matias Barbosa.<\/p>\n<p>Confetes e serpentinas foram jogados no ar para a Banda Daki passar. Uma multid\u00e3o colorida brincou ao som das marchinhas, comandados pelo General da Banda, Z\u00e9 Kodak.<\/p>\n<p>Com muita alegria e descontra\u00e7\u00e3o os Blocos do Batom, Pagod\u00e3o dos Clubes e Bloco do Beco deram o tom durante a semana saindo do Parque Halfed e descendo o Cal\u00e7ad\u00e3o.<\/p>\n<p>Previsto para ser inaugurado no dia 18 de fevereiro, a nova loja da Rellic\u00e1rio Brigaderia est\u00e1 um luxo de del\u00edcias de primeira linha.<\/p>\n<p>Linda e loura, Patr\u00edcia Alvim est\u00e1 lan\u00e7ando novo curso de modelo e manequim. Em cena, no no\u00e7\u00f5es de passarela, etiqueta, fotografia, maquiagem, express\u00e3o corporal e produ\u00e7\u00e3o de moda. Informa\u00e7\u00f5es: 3213-7272.<\/p>\n<p>Agendada para os dias 22 e 23 de fevereiro, a exposi\u00e7\u00e3o do curso de Farm\u00e1cia da Suprema (que obteve nota 5 no Enade), convidado pelo Conselho Federal de Farm\u00e1cia. Foi o \u00fanico de Minas e ser\u00e1 em Bras\u00edlia. Ponto para os alunos e a coordenadora Soraida Sozzi Miguel.<\/p>\n<p>Com astral elevad\u00edssimo, a nutricionista e cantora T\u00e2nia Bicalho, a convite da Secretaria de Educa\u00e7\u00e3o, vai iniciar temporada nas escolas municipais com seu Projeto M\u00fasica Popular Nutritiva.<\/p>\n<p>Ser\u00e1 dia 17 de mar\u00e7o a primeira edi\u00e7\u00e3o da Wine Run. Organizada pelo Serra do Ibitipoca Hotel de Lazer, o evento \u00e9 uma corrida do vinho com apoio da Casa Valduga.<\/p>\n<p>Aten\u00e7\u00e3o carnavalescos: \u201cEu queria que essa fantasia fosse eterna quem sabe um dia a paz vence a guerra e viver seja s\u00f3 festejar\u201d. Bom dia.<\/p>\n<p>&nbsp;<\/p>\n","protected":false},"excerpt":{"rendered":"<p>LivroEscritores de diversas regi\u00f5es do pa\u00eds est\u00e3o sendo convidados para apresentarem suas obras no Sal\u00e3o Internacional do Livro no Rio de Janeiro. Organizado pela ZL Editora, o evento acontecer\u00e1 na Casa Fran\u00e7a Brasil, na regi\u00e3o central da cidade maravilhosa, entre os dias 28 de mar\u00e7o a 4 de abril. Al\u00e9m de apresentar diversas obras do [&hellip;]<\/p>\n","protected":false},"author":96,"featured_media":91689,"comment_status":"closed","ping_status":"closed","sticky":false,"template":"","format":"standard","meta":{"footnotes":""},"categories":[264],"tags":[],"class_list":["post-91706","post","type-post","status-publish","format-standard","has-post-thumbnail","hentry","category-eduardo-gomes"],"_links":{"self":[{"href":"https:\/\/diarioregionaldigital.com.br\/index.php?rest_route=\/wp\/v2\/posts\/91706","targetHints":{"allow":["GET"]}}],"collection":[{"href":"https:\/\/diarioregionaldigital.com.br\/index.php?rest_route=\/wp\/v2\/posts"}],"about":[{"href":"https:\/\/diarioregionaldigital.com.br\/index.php?rest_route=\/wp\/v2\/types\/post"}],"author":[{"embeddable":true,"href":"https:\/\/diarioregionaldigital.com.br\/index.php?rest_route=\/wp\/v2\/users\/96"}],"replies":[{"embeddable":true,"href":"https:\/\/diarioregionaldigital.com.br\/index.php?rest_route=%2Fwp%2Fv2%2Fcomments&post=91706"}],"version-history":[{"count":0,"href":"https:\/\/diarioregionaldigital.com.br\/index.php?rest_route=\/wp\/v2\/posts\/91706\/revisions"}],"wp:featuredmedia":[{"embeddable":true,"href":"https:\/\/diarioregionaldigital.com.br\/index.php?rest_route=\/wp\/v2\/media\/91689"}],"wp:attachment":[{"href":"https:\/\/diarioregionaldigital.com.br\/index.php?rest_route=%2Fwp%2Fv2%2Fmedia&parent=91706"}],"wp:term":[{"taxonomy":"category","embeddable":true,"href":"https:\/\/diarioregionaldigital.com.br\/index.php?rest_route=%2Fwp%2Fv2%2Fcategories&post=91706"},{"taxonomy":"post_tag","embeddable":true,"href":"https:\/\/diarioregionaldigital.com.br\/index.php?rest_route=%2Fwp%2Fv2%2Ftags&post=91706"}],"curies":[{"name":"wp","href":"https:\/\/api.w.org\/{rel}","templated":true}]}}