{"id":91687,"date":"2018-02-09T21:03:54","date_gmt":"2018-02-09T23:03:54","guid":{"rendered":"http:\/\/diarioregionaljf.com.br\/2018\/02\/09\/blitz-educativa-conscientiza-motoristas-sobre-seguranca-no-transito-durante-o-carnaval\/"},"modified":"2018-02-09T21:03:54","modified_gmt":"2018-02-09T23:03:54","slug":"blitz-educativa-conscientiza-motoristas-sobre-seguranca-no-transito-durante-o-carnaval","status":"publish","type":"post","link":"https:\/\/diarioregionaldigital.com.br\/?p=91687","title":{"rendered":"Blitz educativa conscientiza motoristas sobre seguran\u00e7a no tr\u00e2nsito durante o carnaval"},"content":{"rendered":"<p>Centenas de carros foram abordados na manh\u00e3 desta sexta-feira, 9, durante blitz educativa no quil\u00f4metro 70 da MG-353, onde est\u00e1 instalado o posto da Policia Militar Rodovi\u00e1ria. A Secretaria de Transporte e Tr\u00e2nsito (Settra) da Prefeitura de Juiz de Fora (PJF), juntamente com as pol\u00edcias Militar (PM) e Rodovi\u00e1ria Federal (PRF) e a Comiss\u00e3o Municipal de Educa\u00e7\u00e3o e Seguran\u00e7a no Tr\u00e2nsito (Comset\/JF), al\u00e9m de outras secretarias municipais e alguns \u00f3rg\u00e3os realizaram a a\u00e7\u00e3o. O objetivo foi o de conscientizar os motoristas sobre pr\u00e1ticas seguras no tr\u00e2nsito, durante o carnaval.<\/p>\n<p>O clima neste trecho da rodovia foi de muita festa e conscientiza\u00e7\u00e3o. Embalados ao som de marchinhas de carnaval, tocadas por DJ, os ocupantes dos carros que passaram pelo local receberam material educativo com informa\u00e7\u00f5es sobre a import\u00e2ncia do respeito \u00e0s leis de tr\u00e2nsito e dicas de seguran\u00e7a. Al\u00e9m disso, ve\u00edculos danificados em fun\u00e7\u00e3o de acidentes estavam expostos, como forma de alerta aos motoristas. O helic\u00f3ptero \u201cPeg\u00e1ssus\u201d, da PM, tamb\u00e9m participou da atividade.<\/p>\n<p>O secret\u00e1rio de Transporte e Tr\u00e2nsito da PJF, Rodrigo Tortoriello, auxiliou na conscientiza\u00e7\u00e3o dos motoristas e ressaltou que este trabalho de educa\u00e7\u00e3o no tr\u00e2nsito \u00e9 importante, e resultados positivos podem ser alcan\u00e7ados: \u201cCom o tempo, a gente consegue atingir os objetivos que temos tra\u00e7ados, que \u00e9 a redu\u00e7\u00e3o de acidentes. Como podemos j\u00e1 perceber nos n\u00fameros que est\u00e3o sendo apresentados, e que demonstram isso. Tudo isso refor\u00e7ando a parceria entre todas as institui\u00e7\u00f5es que cuidam do tr\u00e2nsito: sempre trabalhando em conjunto, cada um na sua compet\u00eancia, mas ajudando na quest\u00e3o de educa\u00e7\u00e3o e preven\u00e7\u00e3o de acidentes\u201d.<\/p>\n<p>Para o comandante do Pelot\u00e3o Rodovi\u00e1rio da PM, tenente Almeida, essa soma de esfor\u00e7o pode garantir melhorias: \u201cO tr\u00e2nsito, hoje, est\u00e1 muito violento. Precisamos conscientizar sobre a necessidade de ser prudente, respeitar as leis e ter um tr\u00e2nsito melhor\u201d.<\/p>\n<p>Participaram da blitz representantes da Defesa Civil, Departamento Municipal de Limpeza Urbana (Demlurb), Secretaria de Desenvolvimento Social (SDS) \u2013 atrav\u00e9s do Departamento de Pol\u00edticas para a Pessoa com Defici\u00eancia e Direitos Humanos (DPCDH), Guarda Municipal (GM), Somar Brasil, servi\u00e7os de Atendimento M\u00f3vel de Urg\u00eancia (Samu), Social do Transporte e Nacional de Aprendizagem do Transporte (Sest\/Senat), Seguro do Tr\u00e2nsito &#8211; Danos Pessoais Causados por Ve\u00edculos Automotores de Via Terrestre (DPVAT), Lions Clube e Auto Escola Saep (Servi\u00e7o de Assist\u00eancia Educacional a Profissionais).<\/p>\n<p>A representante da Comset, Edna Maria da Silveira, ressaltou que a blitz \u00e9 maneira de construir cultura de seguran\u00e7a no tr\u00e2nsito nas pessoas: \u201cQualquer coisa que se refere \u00e0 seguran\u00e7a e educa\u00e7\u00e3o tem import\u00e2ncia enorme. Estes movimentos t\u00eam um efeito, aquele trabalho de formiguinha. Conseguimos devagarzinho, insistentemente, para educar o povo. No carnaval \u00e9 importante a alegria, a seguran\u00e7a e a educa\u00e7\u00e3o\u201d.<\/p>\n<p>O ator Pedro Bismark, conhecido nacionalmente pelo personagem \u201cN\u00e9rso da Capitinga\u201d, tamb\u00e9m participou da atividade, que contou ainda com o \u201cgeneral\u201d da Banda Daki, Z\u00e9 Kodak.<\/p>\n<p>&nbsp;<\/p>\n<p>Fonte: Assessoria PJF<\/p>\n","protected":false},"excerpt":{"rendered":"<p>Centenas de carros foram abordados na manh\u00e3 desta sexta-feira, 9, durante blitz educativa no quil\u00f4metro 70 da MG-353, onde est\u00e1 instalado o posto da Policia Militar Rodovi\u00e1ria. A Secretaria de Transporte e Tr\u00e2nsito (Settra) da Prefeitura de Juiz de Fora (PJF), juntamente com as pol\u00edcias Militar (PM) e Rodovi\u00e1ria Federal (PRF) e a Comiss\u00e3o Municipal [&hellip;]<\/p>\n","protected":false},"author":96,"featured_media":91686,"comment_status":"closed","ping_status":"closed","sticky":false,"template":"","format":"standard","meta":{"footnotes":""},"categories":[253],"tags":[],"class_list":["post-91687","post","type-post","status-publish","format-standard","has-post-thumbnail","hentry","category-cidade"],"_links":{"self":[{"href":"https:\/\/diarioregionaldigital.com.br\/index.php?rest_route=\/wp\/v2\/posts\/91687","targetHints":{"allow":["GET"]}}],"collection":[{"href":"https:\/\/diarioregionaldigital.com.br\/index.php?rest_route=\/wp\/v2\/posts"}],"about":[{"href":"https:\/\/diarioregionaldigital.com.br\/index.php?rest_route=\/wp\/v2\/types\/post"}],"author":[{"embeddable":true,"href":"https:\/\/diarioregionaldigital.com.br\/index.php?rest_route=\/wp\/v2\/users\/96"}],"replies":[{"embeddable":true,"href":"https:\/\/diarioregionaldigital.com.br\/index.php?rest_route=%2Fwp%2Fv2%2Fcomments&post=91687"}],"version-history":[{"count":0,"href":"https:\/\/diarioregionaldigital.com.br\/index.php?rest_route=\/wp\/v2\/posts\/91687\/revisions"}],"wp:featuredmedia":[{"embeddable":true,"href":"https:\/\/diarioregionaldigital.com.br\/index.php?rest_route=\/wp\/v2\/media\/91686"}],"wp:attachment":[{"href":"https:\/\/diarioregionaldigital.com.br\/index.php?rest_route=%2Fwp%2Fv2%2Fmedia&parent=91687"}],"wp:term":[{"taxonomy":"category","embeddable":true,"href":"https:\/\/diarioregionaldigital.com.br\/index.php?rest_route=%2Fwp%2Fv2%2Fcategories&post=91687"},{"taxonomy":"post_tag","embeddable":true,"href":"https:\/\/diarioregionaldigital.com.br\/index.php?rest_route=%2Fwp%2Fv2%2Ftags&post=91687"}],"curies":[{"name":"wp","href":"https:\/\/api.w.org\/{rel}","templated":true}]}}