{"id":91685,"date":"2018-02-09T20:53:07","date_gmt":"2018-02-09T22:53:07","guid":{"rendered":"http:\/\/diarioregionaljf.com.br\/2018\/02\/09\/campanha-da-fraternidade-2018-busca-reflexao-sobre-a-violencia\/"},"modified":"2018-02-09T20:53:07","modified_gmt":"2018-02-09T22:53:07","slug":"campanha-da-fraternidade-2018-busca-reflexao-sobre-a-violencia","status":"publish","type":"post","link":"https:\/\/diarioregionaldigital.com.br\/?p=91685","title":{"rendered":"Campanha da Fraternidade 2018 busca reflex\u00e3o sobre a viol\u00eancia"},"content":{"rendered":"<p>Com tema \u201cFraternidade e Supera\u00e7\u00e3o da Viol\u00eancia\u201d e lema \u201cV\u00f3s sois todos irm\u00e3os\u201d, a Campanha da Fraternidade Ecum\u00eanica 2018 foi apresentada na tarde dessa sexta-feira, 9, pela Arquidiocese de Juiz de Fora. O lan\u00e7amento oficial acontece na Quarta-feira de Cinzas, 14, \u00e0s 19h, na Catedral Metropolitana. Neste ano, a mobiliza\u00e7\u00e3o busca refletir sobre a viol\u00eancia, problema que atinge a todas as camadas da sociedade e que, a cada ano, tem feito mais v\u00edtimas, principalmente os jovens.<\/p>\n<p>\u201cA campanha prop\u00f5e uma conversa n\u00e3o pessoal, mas social. Ela convida as pessoas a repensarem sobre problemas que atingem a todos, independentemente de religi\u00e3o, ra\u00e7a ou cor, e procurar caminhos para solucionar os problemas sociais\u201d, disse Dom Gil Ant\u00f4nio Moreira, Arcebispo Metropolitano de Juiz de Fora, durante a coletiva de imprensa.<\/p>\n<p>Essa n\u00e3o \u00e9 a primeira vez que a mobiliza\u00e7\u00e3o aborda a viol\u00eancia. O assunto esteve em evid\u00eancia nos anos de 1983 e 2009, por exemplo. \u201cEsse \u00e9 um tema que ser\u00e1 sempre retomado. O que queremos \u00e9 propor a luta contra a viol\u00eancia, pela paz e pelo respeito, dentro das escolas, nas fam\u00edlias ou em qualquer setor da sociedade\u201d, afirmou o Arcebispo, acrescentando que essa tem\u00e1tica vem de encontro ao contexto social vivido pelo pa\u00eds, marcado pelo aumento da viol\u00eancia.<\/p>\n<p>O vig\u00e1rio episcopal para Educa\u00e7\u00e3o, Comunica\u00e7\u00e3o e Cultura da Arquidiocese de Juiz de Fora, Padre Ant\u00f4nio Camilo de Paiva, destaca pontos, como a omiss\u00e3o por parte do poder p\u00fablico e a crise de seguran\u00e7a, que podem estar aliados ao aumento da viol\u00eancia. \u201cSe pensarmos que n\u00e3o temos escolas, \u00e1reas, parques de divers\u00f5es para os jovens, o que eles v\u00e3o fazer quando est\u00e3o fora das escolas? A tend\u00eancia \u00e9 ficar ali, ociosos. N\u00e3o temos um sistema de sa\u00fade adequado. Como \u00e9 para um pai ou m\u00e3e que perderam uma crian\u00e7a por n\u00e3o ter sido atendida em tempo h\u00e1bil? Tudo isso provoca ira, raiva nas pessoas. O enfraquecimento da responsabilidade do Estado faz com que as periferias fiquem sem a presen\u00e7a dele. Cada vez mais na sociedade, um pequeno grupo recebe grande aten\u00e7\u00e3o e uma maioria n\u00e3o tem isso\u201d, comentou.<\/p>\n<p>Segundo o secret\u00e1rio executivo de Pastoral da Arquidiocese, Padre Everaldo Jos\u00e9 Sales Borges, a campanha trabalhar\u00e1 em parceria com todas as igrejas e com a popula\u00e7\u00e3o para conseguir atingir de forma mais eficaz os jovens. \u201cA campanha traz uma s\u00e9rie de materiais que podem ser usados dentro e fora da igreja, para trabalhar com jovens, crian\u00e7as, fam\u00edlias, escolas. \u00c9 uma tem\u00e1tica de propor que uma a\u00e7\u00e3o da igreja atinja diversos n\u00edveis da sociedade\u201d, lembrou.<\/p>\n","protected":false},"excerpt":{"rendered":"<p>Com tema \u201cFraternidade e Supera\u00e7\u00e3o da Viol\u00eancia\u201d e lema \u201cV\u00f3s sois todos irm\u00e3os\u201d, a Campanha da Fraternidade Ecum\u00eanica 2018 foi apresentada na tarde dessa sexta-feira, 9, pela Arquidiocese de Juiz de Fora. O lan\u00e7amento oficial acontece na Quarta-feira de Cinzas, 14, \u00e0s 19h, na Catedral Metropolitana. Neste ano, a mobiliza\u00e7\u00e3o busca refletir sobre a viol\u00eancia, [&hellip;]<\/p>\n","protected":false},"author":96,"featured_media":0,"comment_status":"closed","ping_status":"closed","sticky":false,"template":"","format":"standard","meta":{"footnotes":""},"categories":[253],"tags":[],"class_list":["post-91685","post","type-post","status-publish","format-standard","hentry","category-cidade"],"_links":{"self":[{"href":"https:\/\/diarioregionaldigital.com.br\/index.php?rest_route=\/wp\/v2\/posts\/91685","targetHints":{"allow":["GET"]}}],"collection":[{"href":"https:\/\/diarioregionaldigital.com.br\/index.php?rest_route=\/wp\/v2\/posts"}],"about":[{"href":"https:\/\/diarioregionaldigital.com.br\/index.php?rest_route=\/wp\/v2\/types\/post"}],"author":[{"embeddable":true,"href":"https:\/\/diarioregionaldigital.com.br\/index.php?rest_route=\/wp\/v2\/users\/96"}],"replies":[{"embeddable":true,"href":"https:\/\/diarioregionaldigital.com.br\/index.php?rest_route=%2Fwp%2Fv2%2Fcomments&post=91685"}],"version-history":[{"count":0,"href":"https:\/\/diarioregionaldigital.com.br\/index.php?rest_route=\/wp\/v2\/posts\/91685\/revisions"}],"wp:attachment":[{"href":"https:\/\/diarioregionaldigital.com.br\/index.php?rest_route=%2Fwp%2Fv2%2Fmedia&parent=91685"}],"wp:term":[{"taxonomy":"category","embeddable":true,"href":"https:\/\/diarioregionaldigital.com.br\/index.php?rest_route=%2Fwp%2Fv2%2Fcategories&post=91685"},{"taxonomy":"post_tag","embeddable":true,"href":"https:\/\/diarioregionaldigital.com.br\/index.php?rest_route=%2Fwp%2Fv2%2Ftags&post=91685"}],"curies":[{"name":"wp","href":"https:\/\/api.w.org\/{rel}","templated":true}]}}