{"id":91682,"date":"2018-02-09T19:32:10","date_gmt":"2018-02-09T21:32:10","guid":{"rendered":"http:\/\/diarioregionaljf.com.br\/2018\/02\/09\/guarda-municipal-reforca-seguranca-durante-desfile-da-banda-daki\/"},"modified":"2018-02-09T19:32:10","modified_gmt":"2018-02-09T21:32:10","slug":"guarda-municipal-reforca-seguranca-durante-desfile-da-banda-daki","status":"publish","type":"post","link":"https:\/\/diarioregionaldigital.com.br\/?p=91682","title":{"rendered":"Guarda Municipal refor\u00e7a seguran\u00e7a durante desfile da Banda Daki"},"content":{"rendered":"<p>A Guarda Municipal (GM) de Juiz de Fora atuar\u00e1 no s\u00e1bado, 10, no tradicional desfile da Banda Daki. O comando da corpora\u00e7\u00e3o montou escala especial, de modo a concentrar o maior n\u00famero de guardas em suporte na avenida. A fun\u00e7\u00e3o da institui\u00e7\u00e3o \u00e9 atuar na preven\u00e7\u00e3o ostensiva nas vias de acesso ao trajeto do bloco, na \u00e1rea do Largo do Riachuelo e no apoio aos \u00f3rg\u00e3os da Prefeitura de Juiz de Fora (PJF) envolvidos no evento, priorizando pontos de desembarque de viaturas, posicionamento estrat\u00e9gico e abordagem a suspeitos. O desfile ter\u00e1 concentra\u00e7\u00e3o no final de manh\u00e3, com previs\u00e3o de p\u00fablico de cinco mil pessoas.<\/p>\n<p>Este ano, a corpora\u00e7\u00e3o contar\u00e1 novamente com refor\u00e7o de equipamentos n\u00e3o letais para o aux\u00edlio no exerc\u00edcio de suas fun\u00e7\u00f5es, a prote\u00e7\u00e3o de si e das pessoas sob sua seguran\u00e7a. Desde dezembro de 2016 os guardas j\u00e1 atuam nas ruas da cidade utilizando pistola el\u00e9trica incapacitante (PEI) e lan\u00e7adores de muni\u00e7\u00e3o de borracha. Para o aprimoramento das a\u00e7\u00f5es da corpora\u00e7\u00e3o, em janeiro os integrantes da GM passaram por reciclagem, para atua\u00e7\u00e3o no carnaval.<\/p>\n<p>H\u00e1 duas semanas, a Guarda vem sendo empregada ativamente no apoio a blocos e shows realizados na cidade, dentro da programa\u00e7\u00e3o oficial do \u201cCorredor da Folia\u201d. Foram 22 eventos diferentes, incluindo blocos carnavalescos, shows na Pra\u00e7a Ant\u00f4nio Carlos e no Parque Halfeld, al\u00e9m dos quatro dias de \u201cCorredor da Folia\u201d. Nenhuma ocorr\u00eancia foi registrada durante os eventos. Segundo a comandante Emilce de Castro, &#8220;a integra\u00e7\u00e3o entre os \u00f3rg\u00e3os da Prefeitura, atrav\u00e9s de a\u00e7\u00f5es conjuntas, promoveu para os foli\u00f5es um \u00f3timo carnaval antecipado\u201d.<\/p>\n<p>A atua\u00e7\u00e3o da Guarda \u00e9 preventiva, atentando para o cumprimento das regras de com\u00e9rcio ambulante. O trabalho tamb\u00e9m \u00e9 voltado para a atividade fim da corpora\u00e7\u00e3o, na prote\u00e7\u00e3o dos bens, servi\u00e7os e instala\u00e7\u00f5es do munic\u00edpio, bem como na garantia de atua\u00e7\u00e3o dos demais servidores. Para tanto, a distribui\u00e7\u00e3o das equipes na Banda Daki atender\u00e1 o posto do Parque Halfeld e todo o percurso, desde a Avenida dos Andradas at\u00e9 a dispers\u00e3o, junto \u00e0 Pol\u00edcia Militar. O Hospital de Pronto Socorro (HPS) tamb\u00e9m contar\u00e1 com refor\u00e7o de efetivo. Somam-se a estes os guardas em atividade de intelig\u00eancia e no plant\u00e3o de atendimento 153.<\/p>\n<p>&nbsp;<\/p>\n<p>Fonte: Assessoria<\/p>\n","protected":false},"excerpt":{"rendered":"<p>A Guarda Municipal (GM) de Juiz de Fora atuar\u00e1 no s\u00e1bado, 10, no tradicional desfile da Banda Daki. O comando da corpora\u00e7\u00e3o montou escala especial, de modo a concentrar o maior n\u00famero de guardas em suporte na avenida. A fun\u00e7\u00e3o da institui\u00e7\u00e3o \u00e9 atuar na preven\u00e7\u00e3o ostensiva nas vias de acesso ao trajeto do bloco, [&hellip;]<\/p>\n","protected":false},"author":96,"featured_media":91681,"comment_status":"closed","ping_status":"closed","sticky":false,"template":"","format":"standard","meta":{"footnotes":""},"categories":[253],"tags":[],"class_list":["post-91682","post","type-post","status-publish","format-standard","has-post-thumbnail","hentry","category-cidade"],"_links":{"self":[{"href":"https:\/\/diarioregionaldigital.com.br\/index.php?rest_route=\/wp\/v2\/posts\/91682","targetHints":{"allow":["GET"]}}],"collection":[{"href":"https:\/\/diarioregionaldigital.com.br\/index.php?rest_route=\/wp\/v2\/posts"}],"about":[{"href":"https:\/\/diarioregionaldigital.com.br\/index.php?rest_route=\/wp\/v2\/types\/post"}],"author":[{"embeddable":true,"href":"https:\/\/diarioregionaldigital.com.br\/index.php?rest_route=\/wp\/v2\/users\/96"}],"replies":[{"embeddable":true,"href":"https:\/\/diarioregionaldigital.com.br\/index.php?rest_route=%2Fwp%2Fv2%2Fcomments&post=91682"}],"version-history":[{"count":0,"href":"https:\/\/diarioregionaldigital.com.br\/index.php?rest_route=\/wp\/v2\/posts\/91682\/revisions"}],"wp:featuredmedia":[{"embeddable":true,"href":"https:\/\/diarioregionaldigital.com.br\/index.php?rest_route=\/wp\/v2\/media\/91681"}],"wp:attachment":[{"href":"https:\/\/diarioregionaldigital.com.br\/index.php?rest_route=%2Fwp%2Fv2%2Fmedia&parent=91682"}],"wp:term":[{"taxonomy":"category","embeddable":true,"href":"https:\/\/diarioregionaldigital.com.br\/index.php?rest_route=%2Fwp%2Fv2%2Fcategories&post=91682"},{"taxonomy":"post_tag","embeddable":true,"href":"https:\/\/diarioregionaldigital.com.br\/index.php?rest_route=%2Fwp%2Fv2%2Ftags&post=91682"}],"curies":[{"name":"wp","href":"https:\/\/api.w.org\/{rel}","templated":true}]}}