{"id":91678,"date":"2018-02-09T18:55:21","date_gmt":"2018-02-09T20:55:21","guid":{"rendered":"http:\/\/diarioregionaljf.com.br\/2018\/02\/09\/projeto-cria-exame-nacional-para-instrutores-e-examinadores-de-transito\/"},"modified":"2018-02-09T18:55:21","modified_gmt":"2018-02-09T20:55:21","slug":"projeto-cria-exame-nacional-para-instrutores-e-examinadores-de-transito","status":"publish","type":"post","link":"https:\/\/diarioregionaldigital.com.br\/?p=91678","title":{"rendered":"Projeto cria exame nacional para instrutores e examinadores de tr\u00e2nsito"},"content":{"rendered":"<p>O Conselho Nacional de Tr\u00e2nsito (Contran) regulamentar\u00e1 exame obrigat\u00f3rio para avalia\u00e7\u00e3o de instrutores e examinadores de tr\u00e2nsito, de conte\u00fado \u00fanico, a ser aplicado anualmente e de validade nacional. O exerc\u00edcio da atividade de instrutor ou examinador de tr\u00e2nsito depender\u00e1 de pr\u00e9via aprova\u00e7\u00e3o no exame, conforme estabelece o Projeto de Lei do Senado (PLS) 5\/2018.<\/p>\n<p>A proposi\u00e7\u00e3o, de autoria do senador C\u00e1ssio Cunha Lima (PSDB-PB), ser\u00e1 analisada em car\u00e1ter terminativo na Comiss\u00e3o de Constitui\u00e7\u00e3o, Justi\u00e7a e Cidadania (CCJ), onde aguarda o recebimento de emendas at\u00e9 o dia 16. Embora a Resolu\u00e7\u00e3o 321\/2009 do Conselho Nacional de Tr\u00e2nsito tenha institu\u00eddo exame obrigat\u00f3rio para avalia\u00e7\u00e3o de instrutores e examinadores de tr\u00e2nsito no exerc\u00edcio da fun\u00e7\u00e3o em todo o territ\u00f3rio nacional, a sua efetiva aplica\u00e7\u00e3o n\u00e3o se deu de forma unificada, justifica o autor do projeto, que altera o artigo 156 da Lei 9.503\/1997.<\/p>\n<p>A responsabilidade pela aplica\u00e7\u00e3o dos exames, lembrou o senador, ficou a cargo dos \u00f3rg\u00e3os e entidades executivos de tr\u00e2nsito dos estados e do Distrito Federal (Detrans). A solu\u00e7\u00e3o adotada consistiu na disponibiliza\u00e7\u00e3o aos \u00f3rg\u00e3os e entidades executivos de tr\u00e2nsito de sistema informatizado, com banco de quest\u00f5es, para gera\u00e7\u00e3o aleat\u00f3ria dos exames.<\/p>\n<p>\u201cA proposta que ora apresento preconiza a realiza\u00e7\u00e3o de um &#8216;prov\u00e3o&#8217; nacional que permitir\u00e1 avaliar e comparar a qualidade da forma\u00e7\u00e3o recebida nas diversas unidades da federa\u00e7\u00e3o\u201d, explica C\u00e1ssio Cunha Lima na justificativa do projeto.<\/p>\n<p>O senador entende que a avalia\u00e7\u00e3o do grau de conhecimento dos instrutores e examinadores de tr\u00e2nsito em atividade nas autoescolas ao Departamento Nacional de Tr\u00e2nsito (Detran) ter um diagn\u00f3stico que abranja todo o pa\u00eds, o que produzir\u00e1 subs\u00eddios para o processo de decis\u00e3o e formula\u00e7\u00e3o de a\u00e7\u00f5es voltadas para a melhoria na qualidade de ensino para a forma\u00e7\u00e3o e para o exame dos candidatos \u00e0 Carteira Nacional de Habilita\u00e7\u00e3o (CNH).<\/p>\n<hr \/>\n<p>&nbsp;Fonte: Ag\u00eancia Senado<\/p>\n","protected":false},"excerpt":{"rendered":"<p>O Conselho Nacional de Tr\u00e2nsito (Contran) regulamentar\u00e1 exame obrigat\u00f3rio para avalia\u00e7\u00e3o de instrutores e examinadores de tr\u00e2nsito, de conte\u00fado \u00fanico, a ser aplicado anualmente e de validade nacional. O exerc\u00edcio da atividade de instrutor ou examinador de tr\u00e2nsito depender\u00e1 de pr\u00e9via aprova\u00e7\u00e3o no exame, conforme estabelece o Projeto de Lei do Senado (PLS) 5\/2018. A [&hellip;]<\/p>\n","protected":false},"author":96,"featured_media":91677,"comment_status":"closed","ping_status":"closed","sticky":false,"template":"","format":"standard","meta":{"footnotes":""},"categories":[254],"tags":[],"class_list":["post-91678","post","type-post","status-publish","format-standard","has-post-thumbnail","hentry","category-politica"],"_links":{"self":[{"href":"https:\/\/diarioregionaldigital.com.br\/index.php?rest_route=\/wp\/v2\/posts\/91678","targetHints":{"allow":["GET"]}}],"collection":[{"href":"https:\/\/diarioregionaldigital.com.br\/index.php?rest_route=\/wp\/v2\/posts"}],"about":[{"href":"https:\/\/diarioregionaldigital.com.br\/index.php?rest_route=\/wp\/v2\/types\/post"}],"author":[{"embeddable":true,"href":"https:\/\/diarioregionaldigital.com.br\/index.php?rest_route=\/wp\/v2\/users\/96"}],"replies":[{"embeddable":true,"href":"https:\/\/diarioregionaldigital.com.br\/index.php?rest_route=%2Fwp%2Fv2%2Fcomments&post=91678"}],"version-history":[{"count":0,"href":"https:\/\/diarioregionaldigital.com.br\/index.php?rest_route=\/wp\/v2\/posts\/91678\/revisions"}],"wp:featuredmedia":[{"embeddable":true,"href":"https:\/\/diarioregionaldigital.com.br\/index.php?rest_route=\/wp\/v2\/media\/91677"}],"wp:attachment":[{"href":"https:\/\/diarioregionaldigital.com.br\/index.php?rest_route=%2Fwp%2Fv2%2Fmedia&parent=91678"}],"wp:term":[{"taxonomy":"category","embeddable":true,"href":"https:\/\/diarioregionaldigital.com.br\/index.php?rest_route=%2Fwp%2Fv2%2Fcategories&post=91678"},{"taxonomy":"post_tag","embeddable":true,"href":"https:\/\/diarioregionaldigital.com.br\/index.php?rest_route=%2Fwp%2Fv2%2Ftags&post=91678"}],"curies":[{"name":"wp","href":"https:\/\/api.w.org\/{rel}","templated":true}]}}