{"id":91676,"date":"2018-02-09T18:49:52","date_gmt":"2018-02-09T20:49:52","guid":{"rendered":"http:\/\/diarioregionaljf.com.br\/2018\/02\/09\/juiz-de-fora-atinge-meta-de-vacinacao-contra-a-febre-amarela\/"},"modified":"2018-02-09T18:49:52","modified_gmt":"2018-02-09T20:49:52","slug":"juiz-de-fora-atinge-meta-de-vacinacao-contra-a-febre-amarela","status":"publish","type":"post","link":"https:\/\/diarioregionaldigital.com.br\/?p=91676","title":{"rendered":"Juiz de Fora atinge meta de vacina\u00e7\u00e3o contra a febre amarela"},"content":{"rendered":"<p>A cobertura vacinal contra a febre amarela em Juiz de Fora atingiu os 96,87%. Os dados s\u00e3o do Setor de Imunologia da Subsecretaria de Vigil\u00e2ncia em Sa\u00fade da Secretaria de Sa\u00fade (SS), que computou os dados at\u00e9 o dia 2 de fevereiro.<\/p>\n<p>Apesar de ter atingido a meta preconizada pelo Minist\u00e9rio da Sa\u00fade, que \u00e9 de 95%, a SS continua orientando aqueles que ainda n\u00e3o se vacinaram e n\u00e3o t\u00eam contraindica\u00e7\u00f5es a procurarem os postos. &#8220;N\u00f3s atendemos muitas pessoas de fora, portanto, a meta do munic\u00edpio \u00e9 ultrapassar os 100%, considerando que muitas pessoas que n\u00e3o s\u00e3o moradores receberam doses aqui\u201d, explica a gerente do Departamento de Vigil\u00e2ncia Epidemiol\u00f3gica e Ambiental, Michele Freitas.<\/p>\n<p>As vacinas continuam sendo aplicadas em 66 postos espalhados pela cidade, sendo 63 Unidades B\u00e1sicas de Sa\u00fade (UBS), Pam-Marechal e departamentos de Sa\u00fade do Idoso e da Crian\u00e7a e do Adolescente (confira hor\u00e1rios e endere\u00e7os <a href=\"https:\/\/www.pjf.mg.gov.br\/febre_amarela\/onde_vacinar.php\" target=\"_blank\" rel=\"noopener noreferrer\">aqui<\/a> ). Lembrando que as unidades ficar\u00e3o fechadas durante o Carnaval, retomando os trabalhos na quinta-feira, dia 15.<\/p>\n<p>As a\u00e7\u00f5es de amplia\u00e7\u00e3o da cobertura vacinal continuam sendo aplicadas. A confer\u00eancia dos cart\u00f5es vacinais casa a casa est\u00e1 sendo feita por agentes comunit\u00e1rios de sa\u00fade e agentes de combate a endemias em \u00e1reas priorit\u00e1rias, onde foram encontrados macacos mortos. As visitas dos agentes para verifica\u00e7\u00e3o dos focos de dengue e orienta\u00e7\u00f5es da popula\u00e7\u00e3o tamb\u00e9m permanecem. Mas nada disto tem resultado se a popula\u00e7\u00e3o n\u00e3o fizer a sua parte. Al\u00e9m de abrir suas casas para os agentes e seguir as orienta\u00e7\u00f5es, os juiz-foranos n\u00e3o devem esquecer dos 10 minutos semanais contra o Aedes.<\/p>\n<p>Fonte: Assessoria<\/p>\n","protected":false},"excerpt":{"rendered":"<p>A cobertura vacinal contra a febre amarela em Juiz de Fora atingiu os 96,87%. Os dados s\u00e3o do Setor de Imunologia da Subsecretaria de Vigil\u00e2ncia em Sa\u00fade da Secretaria de Sa\u00fade (SS), que computou os dados at\u00e9 o dia 2 de fevereiro. Apesar de ter atingido a meta preconizada pelo Minist\u00e9rio da Sa\u00fade, que \u00e9 [&hellip;]<\/p>\n","protected":false},"author":96,"featured_media":91675,"comment_status":"closed","ping_status":"closed","sticky":false,"template":"","format":"standard","meta":{"footnotes":""},"categories":[253],"tags":[],"class_list":["post-91676","post","type-post","status-publish","format-standard","has-post-thumbnail","hentry","category-cidade"],"_links":{"self":[{"href":"https:\/\/diarioregionaldigital.com.br\/index.php?rest_route=\/wp\/v2\/posts\/91676","targetHints":{"allow":["GET"]}}],"collection":[{"href":"https:\/\/diarioregionaldigital.com.br\/index.php?rest_route=\/wp\/v2\/posts"}],"about":[{"href":"https:\/\/diarioregionaldigital.com.br\/index.php?rest_route=\/wp\/v2\/types\/post"}],"author":[{"embeddable":true,"href":"https:\/\/diarioregionaldigital.com.br\/index.php?rest_route=\/wp\/v2\/users\/96"}],"replies":[{"embeddable":true,"href":"https:\/\/diarioregionaldigital.com.br\/index.php?rest_route=%2Fwp%2Fv2%2Fcomments&post=91676"}],"version-history":[{"count":0,"href":"https:\/\/diarioregionaldigital.com.br\/index.php?rest_route=\/wp\/v2\/posts\/91676\/revisions"}],"wp:featuredmedia":[{"embeddable":true,"href":"https:\/\/diarioregionaldigital.com.br\/index.php?rest_route=\/wp\/v2\/media\/91675"}],"wp:attachment":[{"href":"https:\/\/diarioregionaldigital.com.br\/index.php?rest_route=%2Fwp%2Fv2%2Fmedia&parent=91676"}],"wp:term":[{"taxonomy":"category","embeddable":true,"href":"https:\/\/diarioregionaldigital.com.br\/index.php?rest_route=%2Fwp%2Fv2%2Fcategories&post=91676"},{"taxonomy":"post_tag","embeddable":true,"href":"https:\/\/diarioregionaldigital.com.br\/index.php?rest_route=%2Fwp%2Fv2%2Ftags&post=91676"}],"curies":[{"name":"wp","href":"https:\/\/api.w.org\/{rel}","templated":true}]}}