{"id":91674,"date":"2018-02-09T18:47:06","date_gmt":"2018-02-09T20:47:06","guid":{"rendered":"http:\/\/diarioregionaljf.com.br\/2018\/02\/09\/moro-autoriza-transferencia-de-irmao-de-dirceu-para-presidio-em-curitiba\/"},"modified":"2018-02-09T18:47:06","modified_gmt":"2018-02-09T20:47:06","slug":"moro-autoriza-transferencia-de-irmao-de-dirceu-para-presidio-em-curitiba","status":"publish","type":"post","link":"https:\/\/diarioregionaldigital.com.br\/?p=91674","title":{"rendered":"Moro autoriza transfer\u00eancia de irm\u00e3o de Dirceu para pres\u00eddio em Curitiba"},"content":{"rendered":"<p>O juiz federal S\u00e9rgio Moro, respons\u00e1vel pelos processos da Opera\u00e7\u00e3o Lava Jato em primeira inst\u00e2ncia, determinou a pris\u00e3o do irm\u00e3o do ex-ministro Jos\u00e9 Dirceu, Luiz Eduardo de Oliveira e Silva, em Ribeir\u00e3o Preto. Tamb\u00e9m foi determinada a pris\u00e3o do s\u00f3cio do ex-ministro, J\u00falio C\u00e9sar dos Santos. Os dois mandados de pris\u00e3o j\u00e1 foram cumpridos na manh\u00e3 desta sexta-feira, 9, pela Pol\u00edcia Federal.<\/p>\n<p>De acordo com o juiz, a pris\u00e3o se deve ao fato de a segunda inst\u00e2ncia j\u00e1 ter se exaurido. No despacho, Moro diz que por eles terem cometidos \u201ccrimes de gravidade, inclusive lavagem de produto de crimes contra a administra\u00e7\u00e3o p\u00fablica, a execu\u00e7\u00e3o ap\u00f3s a condena\u00e7\u00e3o em segundo grau imp\u00f5e-se sob pena de dar causa a processos sem fim e a, na pr\u00e1tica, impunidade de s\u00e9rias condutas criminais\u201d.<\/p>\n<p>\u201cAssim e obedecendo \u00e0 Corte de Apela\u00e7\u00e3o, expe\u00e7a a Secretaria os mandados de pris\u00e3o para execu\u00e7\u00e3o provis\u00f3ria da condena\u00e7\u00e3o\u201d, disse o juiz em seu despacho. \u201cAutorizo desde logo a transfer\u00eancia para o sistema prisional em Curitiba, Complexo M\u00e9dico Penal, ala reservada aos presos da Opera\u00e7\u00e3o Lava Jato\u201d, completou. Moro acrescentou que a corrup\u00e7\u00e3o \u201csist\u00eamica e descontrolada\u201d pela qual passa o Brasil se deve em parte \u00e0 \u201cinefetividade dos processos criminais por crimes de corrup\u00e7\u00e3o e lavagem no Brasil\u201d.<\/p>\n<p>O irm\u00e3o de Dirceu cumprir\u00e1 pena de dez anos e seis meses em regime inicialmente fechado por crimes de lavagem de dinheiro e de pertin\u00eancia \u00e0 organiza\u00e7\u00e3o criminosa. Al\u00e9m disso foram aplicados a ele 210 dias de multa.<\/p>\n<p>O ex-s\u00f3cio de Dirceu cumpre pena de dez anos e oito meses, tamb\u00e9m em regime inicialmente fechado, pelos mesmos tipos criminais. A ele foram acrescidos 230 dias-multa.<\/p>\n<hr \/>\n<p>&nbsp;Fonte: Ag\u00eancia Brasil<\/p>\n","protected":false},"excerpt":{"rendered":"<p>O juiz federal S\u00e9rgio Moro, respons\u00e1vel pelos processos da Opera\u00e7\u00e3o Lava Jato em primeira inst\u00e2ncia, determinou a pris\u00e3o do irm\u00e3o do ex-ministro Jos\u00e9 Dirceu, Luiz Eduardo de Oliveira e Silva, em Ribeir\u00e3o Preto. Tamb\u00e9m foi determinada a pris\u00e3o do s\u00f3cio do ex-ministro, J\u00falio C\u00e9sar dos Santos. Os dois mandados de pris\u00e3o j\u00e1 foram cumpridos na [&hellip;]<\/p>\n","protected":false},"author":96,"featured_media":91673,"comment_status":"closed","ping_status":"closed","sticky":false,"template":"","format":"standard","meta":{"footnotes":""},"categories":[254],"tags":[],"class_list":["post-91674","post","type-post","status-publish","format-standard","has-post-thumbnail","hentry","category-politica"],"_links":{"self":[{"href":"https:\/\/diarioregionaldigital.com.br\/index.php?rest_route=\/wp\/v2\/posts\/91674","targetHints":{"allow":["GET"]}}],"collection":[{"href":"https:\/\/diarioregionaldigital.com.br\/index.php?rest_route=\/wp\/v2\/posts"}],"about":[{"href":"https:\/\/diarioregionaldigital.com.br\/index.php?rest_route=\/wp\/v2\/types\/post"}],"author":[{"embeddable":true,"href":"https:\/\/diarioregionaldigital.com.br\/index.php?rest_route=\/wp\/v2\/users\/96"}],"replies":[{"embeddable":true,"href":"https:\/\/diarioregionaldigital.com.br\/index.php?rest_route=%2Fwp%2Fv2%2Fcomments&post=91674"}],"version-history":[{"count":0,"href":"https:\/\/diarioregionaldigital.com.br\/index.php?rest_route=\/wp\/v2\/posts\/91674\/revisions"}],"wp:featuredmedia":[{"embeddable":true,"href":"https:\/\/diarioregionaldigital.com.br\/index.php?rest_route=\/wp\/v2\/media\/91673"}],"wp:attachment":[{"href":"https:\/\/diarioregionaldigital.com.br\/index.php?rest_route=%2Fwp%2Fv2%2Fmedia&parent=91674"}],"wp:term":[{"taxonomy":"category","embeddable":true,"href":"https:\/\/diarioregionaldigital.com.br\/index.php?rest_route=%2Fwp%2Fv2%2Fcategories&post=91674"},{"taxonomy":"post_tag","embeddable":true,"href":"https:\/\/diarioregionaldigital.com.br\/index.php?rest_route=%2Fwp%2Fv2%2Ftags&post=91674"}],"curies":[{"name":"wp","href":"https:\/\/api.w.org\/{rel}","templated":true}]}}