{"id":91670,"date":"2018-02-09T18:41:00","date_gmt":"2018-02-09T20:41:00","guid":{"rendered":"http:\/\/diarioregionaljf.com.br\/2018\/02\/09\/ministro-da-fazenda-se-reune-com-temer-para-conversar-sobre-preco-do-gas-de-cozinha\/"},"modified":"2018-02-09T18:41:00","modified_gmt":"2018-02-09T20:41:00","slug":"ministro-da-fazenda-se-reune-com-temer-para-conversar-sobre-preco-do-gas-de-cozinha","status":"publish","type":"post","link":"https:\/\/diarioregionaldigital.com.br\/?p=91670","title":{"rendered":"Ministro da Fazenda se re\u00fane com Temer para conversar sobre pre\u00e7o do g\u00e1s de cozinha"},"content":{"rendered":"<p>O ministro da Fazenda, Henrique Meirelles, disse que vai iniciar conversas no governo sobre o pre\u00e7o do g\u00e1s de cozinha. Meirelles falou com jornalistas ao deixar o Minist\u00e9rio da Fazenda para ir ao Pal\u00e1cio do Planalto, onde ter\u00e1 reuni\u00e3o com o presidente Michel Temer para tratar da reforma da Previd\u00eancia.<\/p>\n<p>Perguntado se a redu\u00e7\u00e3o do pre\u00e7o do g\u00e1s envolveria algum tipo de subs\u00eddio, Meirelles afirmou que ainda n\u00e3o tem nenhuma decis\u00e3o a esse respeito. \u201cO que existe \u00e9 uma preocupa\u00e7\u00e3o com a varia\u00e7\u00e3o grande do pre\u00e7o do g\u00e1s de cozinha\u201d, disse. Ele acrescentou que esse \u00e9 um dos temas da reuni\u00e3o e que posteriormente conversar\u00e1 com o secret\u00e1rio da Receita Federal, Jorge Rachid. Entretanto, segundo o ministro, o assunto mais relevante a ser tratado com Temer \u00e9 a reforma da Previd\u00eancia.<\/p>\n<p>Temer afirmou que governo estuda medidas para reduzir o impacto do pre\u00e7o do g\u00e1s de cozinha para a popula\u00e7\u00e3o de baixa renda, a serem anunciadas em breve. \u201cHouve aumento no botij\u00e3o do g\u00e1s de cozinha e estou examinando uma f\u00f3rmula de compensar esse aumento para os mais pobres porque \u00e9 para eles que o g\u00e1s de cozinha tem um efeito muito grade\u201d, disse.<\/p>\n<hr \/>\n<p>&nbsp;Fonte: Ag\u00eancia Brasil<\/p>\n","protected":false},"excerpt":{"rendered":"<p>O ministro da Fazenda, Henrique Meirelles, disse que vai iniciar conversas no governo sobre o pre\u00e7o do g\u00e1s de cozinha. Meirelles falou com jornalistas ao deixar o Minist\u00e9rio da Fazenda para ir ao Pal\u00e1cio do Planalto, onde ter\u00e1 reuni\u00e3o com o presidente Michel Temer para tratar da reforma da Previd\u00eancia. Perguntado se a redu\u00e7\u00e3o do [&hellip;]<\/p>\n","protected":false},"author":96,"featured_media":91669,"comment_status":"closed","ping_status":"closed","sticky":false,"template":"","format":"standard","meta":{"footnotes":""},"categories":[254],"tags":[],"class_list":["post-91670","post","type-post","status-publish","format-standard","has-post-thumbnail","hentry","category-politica"],"_links":{"self":[{"href":"https:\/\/diarioregionaldigital.com.br\/index.php?rest_route=\/wp\/v2\/posts\/91670","targetHints":{"allow":["GET"]}}],"collection":[{"href":"https:\/\/diarioregionaldigital.com.br\/index.php?rest_route=\/wp\/v2\/posts"}],"about":[{"href":"https:\/\/diarioregionaldigital.com.br\/index.php?rest_route=\/wp\/v2\/types\/post"}],"author":[{"embeddable":true,"href":"https:\/\/diarioregionaldigital.com.br\/index.php?rest_route=\/wp\/v2\/users\/96"}],"replies":[{"embeddable":true,"href":"https:\/\/diarioregionaldigital.com.br\/index.php?rest_route=%2Fwp%2Fv2%2Fcomments&post=91670"}],"version-history":[{"count":0,"href":"https:\/\/diarioregionaldigital.com.br\/index.php?rest_route=\/wp\/v2\/posts\/91670\/revisions"}],"wp:featuredmedia":[{"embeddable":true,"href":"https:\/\/diarioregionaldigital.com.br\/index.php?rest_route=\/wp\/v2\/media\/91669"}],"wp:attachment":[{"href":"https:\/\/diarioregionaldigital.com.br\/index.php?rest_route=%2Fwp%2Fv2%2Fmedia&parent=91670"}],"wp:term":[{"taxonomy":"category","embeddable":true,"href":"https:\/\/diarioregionaldigital.com.br\/index.php?rest_route=%2Fwp%2Fv2%2Fcategories&post=91670"},{"taxonomy":"post_tag","embeddable":true,"href":"https:\/\/diarioregionaldigital.com.br\/index.php?rest_route=%2Fwp%2Fv2%2Ftags&post=91670"}],"curies":[{"name":"wp","href":"https:\/\/api.w.org\/{rel}","templated":true}]}}