{"id":91668,"date":"2018-02-09T18:35:03","date_gmt":"2018-02-09T20:35:03","guid":{"rendered":"http:\/\/diarioregionaljf.com.br\/2018\/02\/09\/armas-e-municoes-sao-apreendidas-durante-operacao-conjunta-em-pedra-dourada\/"},"modified":"2018-02-09T18:35:03","modified_gmt":"2018-02-09T20:35:03","slug":"armas-e-municoes-sao-apreendidas-durante-operacao-conjunta-em-pedra-dourada","status":"publish","type":"post","link":"https:\/\/diarioregionaldigital.com.br\/?p=91668","title":{"rendered":"Armas e muni\u00e7\u00f5es s\u00e3o apreendidas durante opera\u00e7\u00e3o conjunta em Pedra Dourada"},"content":{"rendered":"<p>A Pol\u00edcia Civil de Minas Gerais (PCMG), em opera\u00e7\u00e3o conjunta com a Pol\u00edcia Militar (PM), cumpriu dois mandados de busca e apreens\u00e3o nas intermedia\u00e7\u00f5es de Pedra Dourada (munic\u00edpio a cerca de 215 Km de Juiz de Fora), nessa quinta-feira, 8. Durante a a\u00e7\u00e3o foram localizadas uma garrucha e oito muni\u00e7\u00f5es calibre 38, al\u00e9m de dois cartuchos calibre 12 deflagrados.<\/p>\n<p>Os policiais tamb\u00e9m apreenderam duas motocicletas, com suspeita de adultera\u00e7\u00e3o de sinal de ve\u00edculo automotor. Um homem de 24 anos foi preso e encaminhado \u00e0 Delegacia de Pol\u00edcia de Tombos.<\/p>\n","protected":false},"excerpt":{"rendered":"<p>A Pol\u00edcia Civil de Minas Gerais (PCMG), em opera\u00e7\u00e3o conjunta com a Pol\u00edcia Militar (PM), cumpriu dois mandados de busca e apreens\u00e3o nas intermedia\u00e7\u00f5es de Pedra Dourada (munic\u00edpio a cerca de 215 Km de Juiz de Fora), nessa quinta-feira, 8. Durante a a\u00e7\u00e3o foram localizadas uma garrucha e oito muni\u00e7\u00f5es calibre 38, al\u00e9m de dois [&hellip;]<\/p>\n","protected":false},"author":96,"featured_media":91667,"comment_status":"closed","ping_status":"closed","sticky":false,"template":"","format":"standard","meta":{"footnotes":""},"categories":[252],"tags":[],"class_list":["post-91668","post","type-post","status-publish","format-standard","has-post-thumbnail","hentry","category-regiao"],"_links":{"self":[{"href":"https:\/\/diarioregionaldigital.com.br\/index.php?rest_route=\/wp\/v2\/posts\/91668","targetHints":{"allow":["GET"]}}],"collection":[{"href":"https:\/\/diarioregionaldigital.com.br\/index.php?rest_route=\/wp\/v2\/posts"}],"about":[{"href":"https:\/\/diarioregionaldigital.com.br\/index.php?rest_route=\/wp\/v2\/types\/post"}],"author":[{"embeddable":true,"href":"https:\/\/diarioregionaldigital.com.br\/index.php?rest_route=\/wp\/v2\/users\/96"}],"replies":[{"embeddable":true,"href":"https:\/\/diarioregionaldigital.com.br\/index.php?rest_route=%2Fwp%2Fv2%2Fcomments&post=91668"}],"version-history":[{"count":0,"href":"https:\/\/diarioregionaldigital.com.br\/index.php?rest_route=\/wp\/v2\/posts\/91668\/revisions"}],"wp:featuredmedia":[{"embeddable":true,"href":"https:\/\/diarioregionaldigital.com.br\/index.php?rest_route=\/wp\/v2\/media\/91667"}],"wp:attachment":[{"href":"https:\/\/diarioregionaldigital.com.br\/index.php?rest_route=%2Fwp%2Fv2%2Fmedia&parent=91668"}],"wp:term":[{"taxonomy":"category","embeddable":true,"href":"https:\/\/diarioregionaldigital.com.br\/index.php?rest_route=%2Fwp%2Fv2%2Fcategories&post=91668"},{"taxonomy":"post_tag","embeddable":true,"href":"https:\/\/diarioregionaldigital.com.br\/index.php?rest_route=%2Fwp%2Fv2%2Ftags&post=91668"}],"curies":[{"name":"wp","href":"https:\/\/api.w.org\/{rel}","templated":true}]}}