{"id":91666,"date":"2018-02-09T18:17:44","date_gmt":"2018-02-09T20:17:44","guid":{"rendered":"http:\/\/diarioregionaljf.com.br\/2018\/02\/09\/pc-prende-suspeitos-de-envolvimento-na-morte-de-um-jovem-em-vicosa\/"},"modified":"2018-02-09T18:17:44","modified_gmt":"2018-02-09T20:17:44","slug":"pc-prende-suspeitos-de-envolvimento-na-morte-de-um-jovem-em-vicosa","status":"publish","type":"post","link":"https:\/\/diarioregionaldigital.com.br\/?p=91666","title":{"rendered":"PC prende suspeitos de envolvimento na morte de um jovem em Vi\u00e7osa"},"content":{"rendered":"<p>Nesta sexta-feira, 9, a Pol\u00edcia Civil de Minas Gerais (PCMG) deflagrou, em Vi\u00e7osa ( a aproximadamente 174 Km de JF), a opera\u00e7\u00e3o \u201c5\u00ba Mandamento\u201d, com a finalidade de reprimir crimes de homic\u00eddios e de tr\u00e1fico de drogas na cidade.<\/p>\n<p>Durante a a\u00e7\u00e3o, foram cumpridos mandados de pris\u00e3o em desfavor de dois homens, de 20 e 24 anos, suspeitos de cometer o homic\u00eddio que vitimou uma jovem de 25 anos, em Vi\u00e7osa, no \u00faltimo domingo, 4. No dia do crime, a v\u00edtima estava em um sal\u00e3o de beleza quando foi alvejada por disparos de arma de fogo. O alvo dos suspeitos seria um homem de 21 anos, que conseguiu se esconder no banheiro do estabelecimento.<\/p>\n<p>Tamb\u00e9m foram cumpridos cinco mandados de busca e apreens\u00e3o. A a\u00e7\u00e3o contou com a atua\u00e7\u00e3o de dois drones da Pol\u00edcia Civil e a participa\u00e7\u00e3o de 40 policiais civis do 4\u00ba Departamento de Pol\u00edcia Civil em Juiz de Fora, que abrange as Delegacias Regionais.<\/p>\n<p>&nbsp;<\/p>\n<p>Fonte: Assessoria<\/p>\n","protected":false},"excerpt":{"rendered":"<p>Nesta sexta-feira, 9, a Pol\u00edcia Civil de Minas Gerais (PCMG) deflagrou, em Vi\u00e7osa ( a aproximadamente 174 Km de JF), a opera\u00e7\u00e3o \u201c5\u00ba Mandamento\u201d, com a finalidade de reprimir crimes de homic\u00eddios e de tr\u00e1fico de drogas na cidade. Durante a a\u00e7\u00e3o, foram cumpridos mandados de pris\u00e3o em desfavor de dois homens, de 20 e [&hellip;]<\/p>\n","protected":false},"author":96,"featured_media":91665,"comment_status":"closed","ping_status":"closed","sticky":false,"template":"","format":"standard","meta":{"footnotes":""},"categories":[252],"tags":[],"class_list":["post-91666","post","type-post","status-publish","format-standard","has-post-thumbnail","hentry","category-regiao"],"_links":{"self":[{"href":"https:\/\/diarioregionaldigital.com.br\/index.php?rest_route=\/wp\/v2\/posts\/91666","targetHints":{"allow":["GET"]}}],"collection":[{"href":"https:\/\/diarioregionaldigital.com.br\/index.php?rest_route=\/wp\/v2\/posts"}],"about":[{"href":"https:\/\/diarioregionaldigital.com.br\/index.php?rest_route=\/wp\/v2\/types\/post"}],"author":[{"embeddable":true,"href":"https:\/\/diarioregionaldigital.com.br\/index.php?rest_route=\/wp\/v2\/users\/96"}],"replies":[{"embeddable":true,"href":"https:\/\/diarioregionaldigital.com.br\/index.php?rest_route=%2Fwp%2Fv2%2Fcomments&post=91666"}],"version-history":[{"count":0,"href":"https:\/\/diarioregionaldigital.com.br\/index.php?rest_route=\/wp\/v2\/posts\/91666\/revisions"}],"wp:featuredmedia":[{"embeddable":true,"href":"https:\/\/diarioregionaldigital.com.br\/index.php?rest_route=\/wp\/v2\/media\/91665"}],"wp:attachment":[{"href":"https:\/\/diarioregionaldigital.com.br\/index.php?rest_route=%2Fwp%2Fv2%2Fmedia&parent=91666"}],"wp:term":[{"taxonomy":"category","embeddable":true,"href":"https:\/\/diarioregionaldigital.com.br\/index.php?rest_route=%2Fwp%2Fv2%2Fcategories&post=91666"},{"taxonomy":"post_tag","embeddable":true,"href":"https:\/\/diarioregionaldigital.com.br\/index.php?rest_route=%2Fwp%2Fv2%2Ftags&post=91666"}],"curies":[{"name":"wp","href":"https:\/\/api.w.org\/{rel}","templated":true}]}}