{"id":91659,"date":"2018-02-09T17:29:22","date_gmt":"2018-02-09T19:29:22","guid":{"rendered":"http:\/\/diarioregionaljf.com.br\/2018\/02\/09\/in-moda-11-de-fevereiro-de-2018\/"},"modified":"2018-02-09T17:29:22","modified_gmt":"2018-02-09T19:29:22","slug":"in-moda-11-de-fevereiro-de-2018","status":"publish","type":"post","link":"https:\/\/diarioregionaldigital.com.br\/?p=91659","title":{"rendered":"In Moda &#8211; 11 Fevereiro 2018"},"content":{"rendered":"<h4 style=\"text-align: justify;\">FASHION NEWS<\/h4>\n<p>&nbsp;<\/p>\n<p><strong>Amap\u00f4 + Basico.com<\/strong><\/p>\n<p>Parceria fechada em clima carnavalesco, as araras da basico.com ganharam uma estampa com uma cartela de cores \u00fanica e in\u00e9dita! A estampa exclusiva feita em parceria com a Amap\u00f4 visa dar continuidade ao projeto \u201cTela em Branco\u201d e representa fogos de artif\u00edcio. Para entrar mais no esp\u00edrito do carnaval, a pe\u00e7a, que \u00e9 um vestido, acompanha um kit com lantejoulas e paet\u00eas para que a cliente possa customiz\u00e1-la!<\/p>\n<p>&nbsp;<\/p>\n<h4>TRENDS<\/h4>\n<p>&nbsp;<\/p>\n<p><strong>Pochete<\/strong><\/p>\n<p>Parem de falar mal da pochete! Ela \u00e9 bonitinha, pr\u00e1tica, humilde e companhia perfeita para voc\u00ea curtir o carnaval sem se preocupar! E j\u00e1 que estamos falando de carnaval, a id\u00e9ia e ousar mesmo, brilho, paet\u00ea, glitter, colorida, desenhada, se joga sem medo! Ela al\u00e9m de pr\u00e1tica pode ser o acess\u00f3rio que faltava no look!<\/p>\n<p>&nbsp;<\/p>\n<\/p>\n<p>&nbsp;<\/p>\n<p><strong>Mascarada<\/strong><\/p>\n<p>N\u00e3o teve tempo de providenciar a make carnavalesca? N\u00e3o tem problema, invista em uma mascara baf\u00f4nica, no melhor estilo baile de m\u00e1scaras! Aliada a bons acess\u00f3rios, ela \u00e9 a op\u00e7\u00e3o perfeita caso voc\u00ea n\u00e3o tenha o dom da maquiagem ou at\u00e9 mesmo n\u00e3o tenha muito tempo para bolar a make!<\/p>\n<p>&nbsp;<\/p>\n<p><img loading=\"lazy\" decoding=\"async\" class=\" size-full wp-image-91653\" src=\"http:\/\/diarioregionaljf.com.br\/wp-content\/uploads\/2018\/02\/diario-int-24056-2.jpeg\" alt=\"MASCARADA.jpeg\" width=\"412\" height=\"450\" srcset=\"https:\/\/diarioregionaldigital.com.br\/wp-content\/uploads\/2018\/02\/diario-int-24056-2.jpeg 412w, https:\/\/diarioregionaldigital.com.br\/wp-content\/uploads\/2018\/02\/diario-int-24056-2-275x300.jpeg 275w, https:\/\/diarioregionaldigital.com.br\/wp-content\/uploads\/2018\/02\/diario-int-24056-2-360x393.jpeg 360w\" sizes=\"auto, (max-width: 412px) 100vw, 412px\" \/><\/p>\n<p>&nbsp;<\/p>\n<p><strong>Shortinho + camiseta<\/strong><\/p>\n<p>Que essa dupla \u00e9 inf\u00e1livel n\u00f3s n\u00e3o temos d\u00favida, e d\u00e1 sim para curtir o carnaval com ela sem ficar sem gra\u00e7a! Nesse caso, invista em acess\u00f3rios de cabe\u00e7a, maquiagem ou m\u00e1scara baf\u00f4nica, a querida pochete ou at\u00e9 mesmo amarre fitinhas, pompons no c\u00f3s do short. Isso tudo aliado a um bom t\u00eanis \u2013 e se for colorido, claro, melhor &#8211; e voc\u00ea esta pronta para curtir a folia confort\u00e1vel e linda!<\/p>\n<p><strong>Meia cal\u00e7a<\/strong><\/p>\n<p>As meia cal\u00e7as tamb\u00e9m d\u00e3o um charme a mais no look de carnaval. Pode ser s\u00f3 com um body ou por baixo do shortinho. Vale usar a meia arrast\u00e3o, meia colorida e at\u00e9 mesmo rasgar aquela meia antiguinha que voc\u00ea tem em casa.<\/p>\n<p><img loading=\"lazy\" decoding=\"async\" class=\" size-full wp-image-91654\" src=\"http:\/\/diarioregionaljf.com.br\/wp-content\/uploads\/2018\/02\/diario-int-24056-3.jpg\" alt=\"Meia Cal\u00e7a.jpg\" width=\"369\" height=\"450\" srcset=\"https:\/\/diarioregionaldigital.com.br\/wp-content\/uploads\/2018\/02\/diario-int-24056-3.jpg 369w, https:\/\/diarioregionaldigital.com.br\/wp-content\/uploads\/2018\/02\/diario-int-24056-3-246x300.jpg 246w, https:\/\/diarioregionaldigital.com.br\/wp-content\/uploads\/2018\/02\/diario-int-24056-3-360x439.jpg 360w\" sizes=\"auto, (max-width: 369px) 100vw, 369px\" \/><\/p>\n<p>&nbsp;<\/p>\n<p><strong>Arranjos de cabe\u00e7a<\/strong><\/p>\n<p>Os arranjos de cabe\u00e7a est\u00e3o bombando nesse carnaval! E se voc\u00ea ainda est\u00e1 sem fantasia, aproveite pra tirar tudo das gavetas e criar um acess\u00f3rio personalizado incr\u00edvel! De unic\u00f3rnio \u00e0s sereias, basta escolher o que mais combina com a sua personalidade, make e look!<\/p>\n<p>&nbsp;<\/p>\n<p><img loading=\"lazy\" decoding=\"async\" class=\" size-full wp-image-91655\" src=\"http:\/\/diarioregionaljf.com.br\/wp-content\/uploads\/2018\/02\/diario-int-24056-4.jpg\" alt=\"thumbnail_ACESS\u00d3RIO DE CABE\u00c7A.jpg\" width=\"491\" height=\"450\" srcset=\"https:\/\/diarioregionaldigital.com.br\/wp-content\/uploads\/2018\/02\/diario-int-24056-4.jpg 491w, https:\/\/diarioregionaldigital.com.br\/wp-content\/uploads\/2018\/02\/diario-int-24056-4-300x275.jpg 300w, https:\/\/diarioregionaldigital.com.br\/wp-content\/uploads\/2018\/02\/diario-int-24056-4-360x330.jpg 360w\" sizes=\"auto, (max-width: 491px) 100vw, 491px\" \/><\/p>\n<p>&nbsp;<\/p>\n<h4>BELEZA<\/h4>\n<p>&nbsp;<\/p>\n<p><strong>Mechas coloridas<\/strong><\/p>\n<p>\u00c9 un\u00e2nime: o carnaval tira todo mundo da zona de conforto e traz novidades incr\u00edveis! Al\u00e9m das tend\u00eancias glitterinadas pra esse ano, agora ter mechas coloridas tamb\u00e9m \u00e9 poss\u00edvel. O giz para cabelo foi lan\u00e7ado pra esse ver\u00e3o e permite que voc\u00ea saia por a\u00ed com o cabelo super colorido, de forma pr\u00e1tica e tempor\u00e1ria, claro! \u00c9 s\u00f3 achar sua cor favorita e aproveitar a folia!<\/p>\n<p>&nbsp;<\/p>\n<p><img loading=\"lazy\" decoding=\"async\" class=\" size-full wp-image-91656\" src=\"http:\/\/diarioregionaljf.com.br\/wp-content\/uploads\/2018\/02\/diario-int-24056-5.jpg\" alt=\"Mechas Coloridas.jpg\" width=\"350\" height=\"337\" srcset=\"https:\/\/diarioregionaldigital.com.br\/wp-content\/uploads\/2018\/02\/diario-int-24056-5.jpg 350w, https:\/\/diarioregionaldigital.com.br\/wp-content\/uploads\/2018\/02\/diario-int-24056-5-300x289.jpg 300w\" sizes=\"auto, (max-width: 350px) 100vw, 350px\" \/><\/p>\n<p>&nbsp;<\/p>\n<h4>QUEM L\u00ca SABE MAIS<\/h4>\n<p>&nbsp;<\/p>\n<p>&#8220;Fazendo Carnaval&#8221; &#8211; Rosa Magalh\u00e3es<\/p>\n<p>T\u00e1 afim de curtir o carnaval em casa? A\u00ed vai uma super dica tem\u00e1tica: o livro &#8220;Fazendo Carnaval&#8221;, escrito por Rosa Magalh\u00e3es! Nesse exemplar, a carnavalesca revela os bastidores da festa mais alegre e brasileira de todos os tempos! Com ilustra\u00e7\u00f5es incr\u00edveis, \u00e9 uma leitura perfeita para os amantes do assunto, desvendando todos os passos do evento!<\/p>\n<p>&nbsp;<\/p>\n<h4>CRIATIVIDADE<\/h4>\n<p>&nbsp;<\/p>\n<p>Ainda n\u00e3o tem fantasia?! Libere a sua criatividade e se inspire na fantasia da atriz Mariana Ximenes. Fa\u00e7a do seu jeito e caia na folia!<\/p>\n<p>&nbsp;<\/p>\n<p><img loading=\"lazy\" decoding=\"async\" class=\" size-full wp-image-91657\" src=\"http:\/\/diarioregionaljf.com.br\/wp-content\/uploads\/2018\/02\/diario-int-24056-6.jpeg\" alt=\"CRIATIVIDADE.jpeg\" width=\"362\" height=\"450\" srcset=\"https:\/\/diarioregionaldigital.com.br\/wp-content\/uploads\/2018\/02\/diario-int-24056-6.jpeg 362w, https:\/\/diarioregionaldigital.com.br\/wp-content\/uploads\/2018\/02\/diario-int-24056-6-241x300.jpeg 241w, https:\/\/diarioregionaldigital.com.br\/wp-content\/uploads\/2018\/02\/diario-int-24056-6-360x448.jpeg 360w\" sizes=\"auto, (max-width: 362px) 100vw, 362px\" \/><\/p>\n<p>&nbsp;<\/p>\n<h4>PARA BRILHAR<\/h4>\n<p>&nbsp;<\/p>\n<p>Os arranjos de cabe\u00e7a j\u00e1 garantem o look carnaval.<\/p>\n<p>A Primeira Dama de Juiz de Fora, Daniele Siqueira, tamb\u00e9m apostou no brilho para entrar no clima carnavalesco.<\/p>\n<p>&nbsp;<\/p>\n<p><img loading=\"lazy\" decoding=\"async\" class=\" size-full wp-image-91658\" src=\"http:\/\/diarioregionaljf.com.br\/wp-content\/uploads\/2018\/02\/diario-int-24056-7.jpeg\" alt=\"PARA BRILHAR.jpeg\" width=\"364\" height=\"450\" srcset=\"https:\/\/diarioregionaldigital.com.br\/wp-content\/uploads\/2018\/02\/diario-int-24056-7.jpeg 364w, https:\/\/diarioregionaldigital.com.br\/wp-content\/uploads\/2018\/02\/diario-int-24056-7-243x300.jpeg 243w, https:\/\/diarioregionaldigital.com.br\/wp-content\/uploads\/2018\/02\/diario-int-24056-7-360x445.jpeg 360w\" sizes=\"auto, (max-width: 364px) 100vw, 364px\" \/><\/p>\n<h4>&nbsp;<\/h4>\n<h4>P\u00cdLULAS DE ESTILO<\/h4>\n<p>&nbsp;<\/p>\n<p>\u201cA pessoa deve ser uma obra de arte ou vestir um obra de arte .\u201c Oscar Wilde<\/p>\n<p>&nbsp;<\/p>\n<p>\u201cEleg\u00e2ncia \u00e9 esquecer o que est\u00e1 vestindo ,n\u00e3o \u00e9 ?\u201d Yves Saint Laurent<\/p>\n<p>&nbsp;<\/p>\n<p>\u201cO luxo tem que ser confort\u00e1vel ou n\u00e3o \u00e9 luxo .\u201dCoco Chanel<\/p>\n<p>&nbsp;<\/p>\n<p>\u201cSe n\u00e3o for pra causar nem vou. \u201c Dito popular<\/p>\n<p>&nbsp;<\/p>\n<p><strong>COLABORADORAS: MARIANA MATOS E DEUSIANE DUARTE<\/strong><\/p>\n","protected":false},"excerpt":{"rendered":"<p>FASHION NEWS &nbsp; Amap\u00f4 + Basico.com Parceria fechada em clima carnavalesco, as araras da basico.com ganharam uma estampa com uma cartela de cores \u00fanica e in\u00e9dita! A estampa exclusiva feita em parceria com a Amap\u00f4 visa dar continuidade ao projeto \u201cTela em Branco\u201d e representa fogos de artif\u00edcio. Para entrar mais no esp\u00edrito do carnaval, [&hellip;]<\/p>\n","protected":false},"author":96,"featured_media":91652,"comment_status":"closed","ping_status":"closed","sticky":false,"template":"","format":"standard","meta":{"footnotes":""},"categories":[285],"tags":[],"class_list":["post-91659","post","type-post","status-publish","format-standard","has-post-thumbnail","hentry","category-moda-ana-paula-calixto"],"_links":{"self":[{"href":"https:\/\/diarioregionaldigital.com.br\/index.php?rest_route=\/wp\/v2\/posts\/91659","targetHints":{"allow":["GET"]}}],"collection":[{"href":"https:\/\/diarioregionaldigital.com.br\/index.php?rest_route=\/wp\/v2\/posts"}],"about":[{"href":"https:\/\/diarioregionaldigital.com.br\/index.php?rest_route=\/wp\/v2\/types\/post"}],"author":[{"embeddable":true,"href":"https:\/\/diarioregionaldigital.com.br\/index.php?rest_route=\/wp\/v2\/users\/96"}],"replies":[{"embeddable":true,"href":"https:\/\/diarioregionaldigital.com.br\/index.php?rest_route=%2Fwp%2Fv2%2Fcomments&post=91659"}],"version-history":[{"count":0,"href":"https:\/\/diarioregionaldigital.com.br\/index.php?rest_route=\/wp\/v2\/posts\/91659\/revisions"}],"wp:featuredmedia":[{"embeddable":true,"href":"https:\/\/diarioregionaldigital.com.br\/index.php?rest_route=\/wp\/v2\/media\/91652"}],"wp:attachment":[{"href":"https:\/\/diarioregionaldigital.com.br\/index.php?rest_route=%2Fwp%2Fv2%2Fmedia&parent=91659"}],"wp:term":[{"taxonomy":"category","embeddable":true,"href":"https:\/\/diarioregionaldigital.com.br\/index.php?rest_route=%2Fwp%2Fv2%2Fcategories&post=91659"},{"taxonomy":"post_tag","embeddable":true,"href":"https:\/\/diarioregionaldigital.com.br\/index.php?rest_route=%2Fwp%2Fv2%2Ftags&post=91659"}],"curies":[{"name":"wp","href":"https:\/\/api.w.org\/{rel}","templated":true}]}}