{"id":91648,"date":"2018-02-09T16:53:40","date_gmt":"2018-02-09T18:53:40","guid":{"rendered":"http:\/\/diarioregionaljf.com.br\/2018\/02\/09\/nao-deixem-que-lhes-roubem-a-esperanca\/"},"modified":"2018-04-16T08:05:40","modified_gmt":"2018-04-16T11:05:40","slug":"nao-deixem-que-lhes-roubem-a-esperanca","status":"publish","type":"post","link":"https:\/\/diarioregionaldigital.com.br\/?p=91648","title":{"rendered":"N\u00e3o deixem que lhes roubem a esperan\u00e7a"},"content":{"rendered":"<p>Esperan\u00e7a \u00e9 uma palavra vencedora. Quando tudo parece perdido, irremedi\u00e1vel, destru\u00eddo, ela comparece para salvar. Ela \u00e9 capaz de transformar a derrota em vit\u00f3ria, o perigo em al\u00edvio, o desespero em alegria. A esperan\u00e7a \u00e9 t\u00e3o poderosa que consegue tirar do dom\u00ednio da morte os que n\u00e3o v\u00eaem mais raz\u00e3o para viver. Indigentes se tornam nobres, miser\u00e1veis se tornam ricos, criminosos passam a ser bons, corruptos se convertem, ladr\u00f5es devolvem quatro vezes mais o que roubaram, como os Zaqueus que se repetem no caminhar da hist\u00f3ria (cf. Lc. 19,1-10).<\/p>\n<p>A esperan\u00e7a transforma as cinzas em f\u00eanix, a cruz em sinal de vida, as l\u00e1grimas em vit\u00f3ria. A esperan\u00e7a \u00e9 a \u00faltima que morre, diz o jarg\u00e3o popular. Ela \u00e9 desprezada pelos pessimistas, amea\u00e7ada pelos gananciosos, agredida pelos incr\u00e9dulos. Da esperan\u00e7a tudo renasce, ainda que pare\u00e7a imposs\u00edvel recome\u00e7ar. O pecado costuma tirar a esperan\u00e7a, causar o des\u00e2nimo e desiludir quem ia bem e de repente cai. A esperan\u00e7a \u00e9 uma senhora que vem dar a m\u00e3o \u00e0quele que se desiludiu consigo mesmo ou com a situa\u00e7\u00e3o em que foi precipitar-se.<\/p>\n<p>Quando os fi\u00e9is entram na fila para receber, sobre suas cabe\u00e7as, um pouco de cinzas na quarta-feira que d\u00e1 in\u00edcio \u00e0 Quaresma, eles n\u00e3o est\u00e3o fazendo um ato derrotista, nem de tristeza in\u00fatil, nem de mergulho na escurid\u00e3o daquilo que o fogo destruiu. Ele est\u00e1 fazendo uma profiss\u00e3o de f\u00e9 na for\u00e7a da esperan\u00e7a. Ainda que tudo pare\u00e7a arruinado, h\u00e1 uma pot\u00eancia interior que n\u00e3o permite ao ser humano desistir de si mesmo nem dos outros. Ela recobra a energia do perd\u00e3o, o \u00e2nimo para n\u00e3o desistir, a confian\u00e7a nas pessoas, a amizade que ficou amea\u00e7ada.<\/p>\n<p>A esperan\u00e7a \u00e9 capaz de transformar a dor em al\u00edvio, como aconteceu para o Bom Ladr\u00e3o que recebeu perd\u00e3o no \u00faltimo momento de sua vida, porque acreditou na vit\u00f3ria dos inocentes que conseguem amar os que n\u00e3o o s\u00e3o e que n\u00e3o humilham os que ca\u00edram feio no inferno da criminalidade (cf. Lc. 23,40-42).<\/p>\n<p>A esperan\u00e7a \u00e9 filha da f\u00e9 e ambas se juntam para que aconte\u00e7a a caridade. Ao entrar no caminho quaresmal, o fiel mergulha na piscina da esperan\u00e7a e dela sai limpo, renovado em seu \u00e2nimo e certo de que a morte n\u00e3o tem tanta for\u00e7a assim, pois o calv\u00e1rio dar\u00e1 lugar \u00e0 ressurrei\u00e7\u00e3o, e aquilo que parecia n\u00e3o ter mais rem\u00e9dio encontrou vida nova.<\/p>\n<p>O pecador que cr\u00ea \u00e9 capaz de se humilhar debaixo do arrependimento sincero, mas n\u00e3o se deixa derrotar pelo des\u00e2nimo. Podem nos roubar a paz, o dinheiro, a honra, a dignidade, a sa\u00fade, a alegria, a confian\u00e7a, mas n\u00e3o s\u00e3o capazes o bastante para nos roubar a esperan\u00e7a, se cremos na for\u00e7a recreativa de n\u00f3s mesmos, na capacidade de reerguer do ch\u00e3o mesmo se a queda se repetiu tr\u00eas vezes no caminho do G\u00f3lgota.<\/p>\n<p>Outro dia ouvi uma palavra animadora: \u201co pecado n\u00e3o consegue destruir aquele que cr\u00ea em Cristo\u201d. Verdade! O Cristo que seguimos na Quaresma nos levar\u00e1 \u00e0 P\u00e1scoa. A esperan\u00e7a n\u00e3o nos ser\u00e1 roubada, a alegria voltar\u00e1 a acontecer, pois n\u00e3o estamos sozinhos. Ele vive entre n\u00f3s! Quer mais seguran\u00e7a?<\/p>\n<p>Obrigado, Papa Francisco, por ter deixado ao mundo na Jornada Mundial da Juventude do Rio de Janeiro, em 2013, a sua mensagem: \u201cn\u00e3o deixem que lhes roubem a esperan\u00e7a\u201d.<\/p>\n<p>&nbsp;<\/p>\n<p style=\"text-align: center;\"><strong>Dom Gil Ant\u00f4nio Moreira &#8211; Arcebispo Metropolitano de Juiz de Fora<\/strong><\/p>\n<p><img loading=\"lazy\" decoding=\"async\" class=\" size-full wp-image-91647\" src=\"http:\/\/diarioregionaljf.com.br\/wp-content\/uploads\/2018\/02\/diario-int-24054-1.JPG\" alt=\"Dom Gil.JPG\" width=\"167\" height=\"251\" style=\"display: block; margin-left: auto; margin-right: auto;\" srcset=\"https:\/\/diarioregionaldigital.com.br\/wp-content\/uploads\/2018\/02\/diario-int-24054-1.JPG 300w, https:\/\/diarioregionaldigital.com.br\/wp-content\/uploads\/2018\/02\/diario-int-24054-1-200x300.jpg 200w\" sizes=\"auto, (max-width: 167px) 100vw, 167px\" \/><\/p>\n","protected":false},"excerpt":{"rendered":"<p>Esperan\u00e7a \u00e9 uma palavra vencedora. Quando tudo parece perdido, irremedi\u00e1vel, destru\u00eddo, ela comparece para salvar. Ela \u00e9 capaz de transformar a derrota em vit\u00f3ria, o perigo em al\u00edvio, o desespero em alegria. A esperan\u00e7a \u00e9 t\u00e3o poderosa que consegue tirar do dom\u00ednio da morte os que n\u00e3o v\u00eaem mais raz\u00e3o para viver. Indigentes se tornam [&hellip;]<\/p>\n","protected":false},"author":96,"featured_media":91646,"comment_status":"closed","ping_status":"closed","sticky":false,"template":"","format":"standard","meta":{"footnotes":""},"categories":[276],"tags":[],"class_list":["post-91648","post","type-post","status-publish","format-standard","has-post-thumbnail","hentry","category-dom-gil"],"_links":{"self":[{"href":"https:\/\/diarioregionaldigital.com.br\/index.php?rest_route=\/wp\/v2\/posts\/91648","targetHints":{"allow":["GET"]}}],"collection":[{"href":"https:\/\/diarioregionaldigital.com.br\/index.php?rest_route=\/wp\/v2\/posts"}],"about":[{"href":"https:\/\/diarioregionaldigital.com.br\/index.php?rest_route=\/wp\/v2\/types\/post"}],"author":[{"embeddable":true,"href":"https:\/\/diarioregionaldigital.com.br\/index.php?rest_route=\/wp\/v2\/users\/96"}],"replies":[{"embeddable":true,"href":"https:\/\/diarioregionaldigital.com.br\/index.php?rest_route=%2Fwp%2Fv2%2Fcomments&post=91648"}],"version-history":[{"count":0,"href":"https:\/\/diarioregionaldigital.com.br\/index.php?rest_route=\/wp\/v2\/posts\/91648\/revisions"}],"wp:featuredmedia":[{"embeddable":true,"href":"https:\/\/diarioregionaldigital.com.br\/index.php?rest_route=\/wp\/v2\/media\/91646"}],"wp:attachment":[{"href":"https:\/\/diarioregionaldigital.com.br\/index.php?rest_route=%2Fwp%2Fv2%2Fmedia&parent=91648"}],"wp:term":[{"taxonomy":"category","embeddable":true,"href":"https:\/\/diarioregionaldigital.com.br\/index.php?rest_route=%2Fwp%2Fv2%2Fcategories&post=91648"},{"taxonomy":"post_tag","embeddable":true,"href":"https:\/\/diarioregionaldigital.com.br\/index.php?rest_route=%2Fwp%2Fv2%2Ftags&post=91648"}],"curies":[{"name":"wp","href":"https:\/\/api.w.org\/{rel}","templated":true}]}}