{"id":91645,"date":"2018-02-09T15:01:34","date_gmt":"2018-02-09T17:01:34","guid":{"rendered":"http:\/\/diarioregionaljf.com.br\/2018\/02\/09\/campanha-do-estado-busca-combater-a-violencia-contra-lgbts-durante-o-carnaval\/"},"modified":"2018-02-09T15:01:34","modified_gmt":"2018-02-09T17:01:34","slug":"campanha-do-estado-busca-combater-a-violencia-contra-lgbts-durante-o-carnaval","status":"publish","type":"post","link":"https:\/\/diarioregionaldigital.com.br\/?p=91645","title":{"rendered":"Campanha do Estado busca combater a viol\u00eancia contra LGBTs durante o Carnaval"},"content":{"rendered":"<p>Para ajudar a combater o preconceito contra a popula\u00e7\u00e3o LGBT e incentivar as den\u00fancias em caso de intoler\u00e2ncia ou qualquer outro tipo de viol\u00eancia contra este p\u00fablico, principalmente durante o Carnaval, a Secretaria de Estado de Seguran\u00e7a P\u00fablica (Sesp) e a Secretaria de Estado de Direitos Humanos, Participa\u00e7\u00e3o Social e Cidadania (Sedpac) promovem uma mobiliza\u00e7\u00e3o na internet com a veicula\u00e7\u00e3o de pe\u00e7as que abordam a tem\u00e1tica do preconceito e a import\u00e2ncia dos registros das ocorr\u00eancias.<\/p>\n<p>Foram confeccionadas 13 pe\u00e7as que abordam a lesbofobia, homofobia, bifobia e a transfobia. A inten\u00e7\u00e3o \u00e9 fazer com que as informa\u00e7\u00f5es atinjam o maior n\u00famero de pessoas por meio das diversas redes sociais a fim de que o p\u00fablico se conscientize sobre a import\u00e2ncia do registro policial.<\/p>\n<p>Blocos de Carnaval que trabalham o preconceito, como o Ent\u00e3o Brilha!, Al\u00f4 Abacaxi, Garotas Solteiras, Corte Devassa, Angola Janga e Para Elas tamb\u00e9m s\u00e3o parceiros na distribui\u00e7\u00e3o das pe\u00e7as por meio de redes sociais.<\/p>\n<p>Minas Gerais \u00e9 um dos poucos estados no qual a v\u00edtima pode exigir que o policial preencha no Registro de Eventos de Defesa Social (Reds), nome do antigo boletim de ocorr\u00eancia, a causa presumida da viol\u00eancia baseada em LGTfobia. Esta a\u00e7\u00e3o resguarda a v\u00edtima e ajuda o Governo a ter um panorama mais real da viol\u00eancia contra a popula\u00e7\u00e3o LGBT no Estado.<\/p>\n<p>No estado, tamb\u00e9m de forma inovadora, \u00e9 poss\u00edvel o preenchimento do boletim utilizando o nome social. Pode-se ainda ser declarada a identidade de g\u00eanero ou orienta\u00e7\u00e3o sexual. A campanha orienta ainda para que as v\u00edtimas fa\u00e7am o registro em uma das Bases M\u00f3veis da Pol\u00edcia Militar ou companhia mais pr\u00f3xima, bem como uma delegacia da Pol\u00edcia Civil.<\/p>\n<p>Tamb\u00e9m a Pol\u00edcia Civil possui uma Coordenadoria de Direitos Humanos (NAC), que atende, de forma especializada, esse tipo de ocorr\u00eancia. Ao longo de 2017, a Coordenadoria Estadual de Enfrentamento \u00e0s Fobias Relacionadas \u00e0 Orienta\u00e7\u00e3o Sexual e Identidade de G\u00eanero de Minas Gerais (Cepef) da Sesp, em parceria com o NAC e com representantes de movimentos sociais, realizou abordagens \u00e0 popula\u00e7\u00e3o LGBT nas ruas da capital mineira com o objetivo de esclarecer os servi\u00e7os especializados de seguran\u00e7a oferecidos pelo n\u00facleo.<\/p>\n<p>Fonte: Ag\u00eancia Minas<\/p>\n","protected":false},"excerpt":{"rendered":"<p>Para ajudar a combater o preconceito contra a popula\u00e7\u00e3o LGBT e incentivar as den\u00fancias em caso de intoler\u00e2ncia ou qualquer outro tipo de viol\u00eancia contra este p\u00fablico, principalmente durante o Carnaval, a Secretaria de Estado de Seguran\u00e7a P\u00fablica (Sesp) e a Secretaria de Estado de Direitos Humanos, Participa\u00e7\u00e3o Social e Cidadania (Sedpac) promovem uma mobiliza\u00e7\u00e3o [&hellip;]<\/p>\n","protected":false},"author":96,"featured_media":91644,"comment_status":"closed","ping_status":"closed","sticky":false,"template":"","format":"standard","meta":{"footnotes":""},"categories":[252],"tags":[],"class_list":["post-91645","post","type-post","status-publish","format-standard","has-post-thumbnail","hentry","category-regiao"],"_links":{"self":[{"href":"https:\/\/diarioregionaldigital.com.br\/index.php?rest_route=\/wp\/v2\/posts\/91645","targetHints":{"allow":["GET"]}}],"collection":[{"href":"https:\/\/diarioregionaldigital.com.br\/index.php?rest_route=\/wp\/v2\/posts"}],"about":[{"href":"https:\/\/diarioregionaldigital.com.br\/index.php?rest_route=\/wp\/v2\/types\/post"}],"author":[{"embeddable":true,"href":"https:\/\/diarioregionaldigital.com.br\/index.php?rest_route=\/wp\/v2\/users\/96"}],"replies":[{"embeddable":true,"href":"https:\/\/diarioregionaldigital.com.br\/index.php?rest_route=%2Fwp%2Fv2%2Fcomments&post=91645"}],"version-history":[{"count":0,"href":"https:\/\/diarioregionaldigital.com.br\/index.php?rest_route=\/wp\/v2\/posts\/91645\/revisions"}],"wp:featuredmedia":[{"embeddable":true,"href":"https:\/\/diarioregionaldigital.com.br\/index.php?rest_route=\/wp\/v2\/media\/91644"}],"wp:attachment":[{"href":"https:\/\/diarioregionaldigital.com.br\/index.php?rest_route=%2Fwp%2Fv2%2Fmedia&parent=91645"}],"wp:term":[{"taxonomy":"category","embeddable":true,"href":"https:\/\/diarioregionaldigital.com.br\/index.php?rest_route=%2Fwp%2Fv2%2Fcategories&post=91645"},{"taxonomy":"post_tag","embeddable":true,"href":"https:\/\/diarioregionaldigital.com.br\/index.php?rest_route=%2Fwp%2Fv2%2Ftags&post=91645"}],"curies":[{"name":"wp","href":"https:\/\/api.w.org\/{rel}","templated":true}]}}