{"id":91643,"date":"2018-02-09T14:14:20","date_gmt":"2018-02-09T16:14:20","guid":{"rendered":"http:\/\/diarioregionaljf.com.br\/2018\/02\/09\/carnaval-deve-movimentar-r-6-25-bilhoes\/"},"modified":"2018-02-09T14:14:20","modified_gmt":"2018-02-09T16:14:20","slug":"carnaval-deve-movimentar-r-6-25-bilhoes","status":"publish","type":"post","link":"https:\/\/diarioregionaldigital.com.br\/?p=91643","title":{"rendered":"Carnaval deve movimentar R$6,25 bilh\u00f5es"},"content":{"rendered":"<p>Uma estimativa da Confedera\u00e7\u00e3o Nacional do Com\u00e9rcio de Bens, Servi\u00e7os e Turismo (CNC) aponta que este ser\u00e1 o primeiro ano desde 2015 com aumento da receita gerada no feriado do Carnaval. Nos anos anteriores, o faturamento foi de R$6,14 bilh\u00f5es (2015); R$6,13 bilh\u00f5es (2016); R$6,05 bilh\u00f5es (2017). A previs\u00e3o para 2018 \u00e9 de R$6,25 bilh\u00f5es.<\/p>\n<p>Tr\u00eas setores respondem por 85% do faturamento previsto: alimenta\u00e7\u00e3o (bares e restaurantes), que deve gerar R$3,6 bilh\u00f5es; transporte rodovi\u00e1rio, com R$1,03 bilh\u00e3o; e hospedagem (hot\u00e9is e pousadas), com R$705,6 milh\u00f5es.<\/p>\n<p>Rio de Janeiro (R$1,9 bilh\u00e3o) e S\u00e3o Paulo (R$1,7 bilh\u00e3o) devem ser respons\u00e1veis por 62% da movimenta\u00e7\u00e3o financeira no feriado. Minas Gerais tamb\u00e9m tem sua participa\u00e7\u00e3o (R$567,6 milh\u00f5es). Juntos, Cear\u00e1, Pernambuco e Bahia v\u00e3o movimentar nada menos que R$1 bilh\u00e3o, com destaque para o Cear\u00e1, que deve gerar 9,1% mais receita que em 2017.<\/p>\n<p>No Carnaval, todo mundo sai ganhando: quem vai curtir os blocos se diverte e gera aumento na demanda por servi\u00e7os que deve refletir na contrata\u00e7\u00e3o de 19,3 mil trabalhadores tempor\u00e1rios entre janeiro e fevereiro, n\u00famero de vagas 8,9% maior que o de 2017 (17,7 mil). Mais uma vez, o setor de alimenta\u00e7\u00e3o sai na frente com 13,7 mil oportunidades previstas, ou seja, 70% do total.<\/p>\n<p>Fonte: Portal Brasil<\/p>\n","protected":false},"excerpt":{"rendered":"<p>Uma estimativa da Confedera\u00e7\u00e3o Nacional do Com\u00e9rcio de Bens, Servi\u00e7os e Turismo (CNC) aponta que este ser\u00e1 o primeiro ano desde 2015 com aumento da receita gerada no feriado do Carnaval. Nos anos anteriores, o faturamento foi de R$6,14 bilh\u00f5es (2015); R$6,13 bilh\u00f5es (2016); R$6,05 bilh\u00f5es (2017). A previs\u00e3o para 2018 \u00e9 de R$6,25 bilh\u00f5es. [&hellip;]<\/p>\n","protected":false},"author":96,"featured_media":91642,"comment_status":"closed","ping_status":"closed","sticky":false,"template":"","format":"standard","meta":{"footnotes":""},"categories":[261],"tags":[],"class_list":["post-91643","post","type-post","status-publish","format-standard","has-post-thumbnail","hentry","category-economia"],"_links":{"self":[{"href":"https:\/\/diarioregionaldigital.com.br\/index.php?rest_route=\/wp\/v2\/posts\/91643","targetHints":{"allow":["GET"]}}],"collection":[{"href":"https:\/\/diarioregionaldigital.com.br\/index.php?rest_route=\/wp\/v2\/posts"}],"about":[{"href":"https:\/\/diarioregionaldigital.com.br\/index.php?rest_route=\/wp\/v2\/types\/post"}],"author":[{"embeddable":true,"href":"https:\/\/diarioregionaldigital.com.br\/index.php?rest_route=\/wp\/v2\/users\/96"}],"replies":[{"embeddable":true,"href":"https:\/\/diarioregionaldigital.com.br\/index.php?rest_route=%2Fwp%2Fv2%2Fcomments&post=91643"}],"version-history":[{"count":0,"href":"https:\/\/diarioregionaldigital.com.br\/index.php?rest_route=\/wp\/v2\/posts\/91643\/revisions"}],"wp:featuredmedia":[{"embeddable":true,"href":"https:\/\/diarioregionaldigital.com.br\/index.php?rest_route=\/wp\/v2\/media\/91642"}],"wp:attachment":[{"href":"https:\/\/diarioregionaldigital.com.br\/index.php?rest_route=%2Fwp%2Fv2%2Fmedia&parent=91643"}],"wp:term":[{"taxonomy":"category","embeddable":true,"href":"https:\/\/diarioregionaldigital.com.br\/index.php?rest_route=%2Fwp%2Fv2%2Fcategories&post=91643"},{"taxonomy":"post_tag","embeddable":true,"href":"https:\/\/diarioregionaldigital.com.br\/index.php?rest_route=%2Fwp%2Fv2%2Ftags&post=91643"}],"curies":[{"name":"wp","href":"https:\/\/api.w.org\/{rel}","templated":true}]}}