{"id":91641,"date":"2018-02-09T14:10:28","date_gmt":"2018-02-09T16:10:28","guid":{"rendered":"http:\/\/diarioregionaljf.com.br\/2018\/02\/09\/saiba-como-a-queda-da-selic-impacta-sua-vida\/"},"modified":"2018-02-09T14:10:28","modified_gmt":"2018-02-09T16:10:28","slug":"saiba-como-a-queda-da-selic-impacta-sua-vida","status":"publish","type":"post","link":"https:\/\/diarioregionaldigital.com.br\/?p=91641","title":{"rendered":"Saiba como a queda da Selic impacta sua vida"},"content":{"rendered":"<p>O Banco Central voltou a realizar cortes na taxa b\u00e1sica de juros, a Selic. Ela caiu de 7% para 6,75%, m\u00ednima hist\u00f3rica para a taxa. Na pr\u00e1tica, h\u00e1 mais consumo, investimentos e crescimento econ\u00f4mico. Saiba mais sobre os efeitos dessa decis\u00e3o:<\/p>\n<h4>&nbsp;<\/h4>\n<h4>FINANCIAMENTOS<\/h4>\n<p>A taxa b\u00e1sica de juros \u00e9 usada como refer\u00eancia por todo o mercado financeiro. Ou seja, a diminui\u00e7\u00e3o da Selic impacta diretamente o custo do empr\u00e9stimo ou financiamento que voc\u00ea solicita junto ao banco. Claro, juros do cart\u00e3o de cr\u00e9dito ou cheque especial continuam muito altos, mas se voc\u00ea for financiar um im\u00f3vel ou um apartamento, essa queda pode vir a calhar.<\/p>\n<h4>&nbsp;<\/h4>\n<h4>RENDA PRESERVADA<\/h4>\n<p>Uma taxa de juros menor \u00e9 um reflexo da infla\u00e7\u00e3o sob controle, que \u00e9 justamente o caso aqui no Brasil. Ela est\u00e1 cada vez mais baixa, o que estimula os cortes na Selic. \u201cO juro caindo tem um significado \u00fanico que \u00e9 de que a infla\u00e7\u00e3o est\u00e1 sob controle. Ent\u00e3o, muito provavelmente, a renda das pessoas est\u00e1 preservada\u201d, afirma o economista-chefe da ag\u00eancia de risco Austin Rating, Alex Agostini.<\/p>\n<h4>&nbsp;<\/h4>\n<h4>CONSUMO<\/h4>\n<p>Como a taxa b\u00e1sica de juros \u00e9 o principal instrumento que o Banco Central possui para controlar a infla\u00e7\u00e3o, quando ela cai, h\u00e1 maior acesso ao cr\u00e9dito. Ou seja, as pessoas podem consumir mais, o que aquece a economia.<\/p>\n<p>&nbsp;<\/p>\n<h4>INVESTIMENTOS<\/h4>\n<p>Assim como no caso da pessoa f\u00edsica, as empresas passam a lidar com custos financeiros menores. Fica mais barato contrair empr\u00e9stimos e expandir a produ\u00e7\u00e3o, conforme aponta Agostini. \u201cIsso \u00e9 importante para as empresas, que passam a investir mais na produ\u00e7\u00e3o e no capital de giro. Isso gera um potencial de investimento ao longo do tempo\u201d, aponta.<\/p>\n<h4>&nbsp;<\/h4>\n<h4>MAIS ECONOMIA<\/h4>\n<p>Uma boa fatia dos t\u00edtulos p\u00fablicos \u00e9 atrelada \u00e0 Selic. Assim como em um empr\u00e9stimo comum, h\u00e1 um gasto com os conhecidos juros da d\u00edvida p\u00fablica todo m\u00eas. Se a Selic diminui, o governo para de gastar tanto com juros e pode colocar esse dinheiro em \u00e1rea priorit\u00e1rias e equilibrar as contas tamb\u00e9m. \u201cEsse efeito \u00e9 importante porque, naturalmente, se voc\u00ea paga menos juros, sobra mais dinheiro para fazer outras coisas. O governo ganha uma capacidade maior para honrar compromissos, realizar investimentos e custear outras despesas\u201d, diz o economista.<\/p>\n<p>Fonte: Portal Brasil<\/p>\n","protected":false},"excerpt":{"rendered":"<p>O Banco Central voltou a realizar cortes na taxa b\u00e1sica de juros, a Selic. Ela caiu de 7% para 6,75%, m\u00ednima hist\u00f3rica para a taxa. Na pr\u00e1tica, h\u00e1 mais consumo, investimentos e crescimento econ\u00f4mico. Saiba mais sobre os efeitos dessa decis\u00e3o: &nbsp; FINANCIAMENTOS A taxa b\u00e1sica de juros \u00e9 usada como refer\u00eancia por todo o [&hellip;]<\/p>\n","protected":false},"author":96,"featured_media":91640,"comment_status":"closed","ping_status":"closed","sticky":false,"template":"","format":"standard","meta":{"footnotes":""},"categories":[261],"tags":[],"class_list":["post-91641","post","type-post","status-publish","format-standard","has-post-thumbnail","hentry","category-economia"],"_links":{"self":[{"href":"https:\/\/diarioregionaldigital.com.br\/index.php?rest_route=\/wp\/v2\/posts\/91641","targetHints":{"allow":["GET"]}}],"collection":[{"href":"https:\/\/diarioregionaldigital.com.br\/index.php?rest_route=\/wp\/v2\/posts"}],"about":[{"href":"https:\/\/diarioregionaldigital.com.br\/index.php?rest_route=\/wp\/v2\/types\/post"}],"author":[{"embeddable":true,"href":"https:\/\/diarioregionaldigital.com.br\/index.php?rest_route=\/wp\/v2\/users\/96"}],"replies":[{"embeddable":true,"href":"https:\/\/diarioregionaldigital.com.br\/index.php?rest_route=%2Fwp%2Fv2%2Fcomments&post=91641"}],"version-history":[{"count":0,"href":"https:\/\/diarioregionaldigital.com.br\/index.php?rest_route=\/wp\/v2\/posts\/91641\/revisions"}],"wp:featuredmedia":[{"embeddable":true,"href":"https:\/\/diarioregionaldigital.com.br\/index.php?rest_route=\/wp\/v2\/media\/91640"}],"wp:attachment":[{"href":"https:\/\/diarioregionaldigital.com.br\/index.php?rest_route=%2Fwp%2Fv2%2Fmedia&parent=91641"}],"wp:term":[{"taxonomy":"category","embeddable":true,"href":"https:\/\/diarioregionaldigital.com.br\/index.php?rest_route=%2Fwp%2Fv2%2Fcategories&post=91641"},{"taxonomy":"post_tag","embeddable":true,"href":"https:\/\/diarioregionaldigital.com.br\/index.php?rest_route=%2Fwp%2Fv2%2Ftags&post=91641"}],"curies":[{"name":"wp","href":"https:\/\/api.w.org\/{rel}","templated":true}]}}