{"id":91639,"date":"2018-02-09T13:57:52","date_gmt":"2018-02-09T15:57:52","guid":{"rendered":"http:\/\/diarioregionaljf.com.br\/2018\/02\/09\/temer-afirma-que-governo-vai-trabalhar-para-que-reducoes-da-gasolina-cheguem-as-bombas\/"},"modified":"2018-02-09T13:57:52","modified_gmt":"2018-02-09T15:57:52","slug":"temer-afirma-que-governo-vai-trabalhar-para-que-reducoes-da-gasolina-cheguem-as-bombas","status":"publish","type":"post","link":"https:\/\/diarioregionaldigital.com.br\/?p=91639","title":{"rendered":"Temer afirma que  governo vai trabalhar para que redu\u00e7\u00f5es da gasolina cheguem \u00e0s bombas"},"content":{"rendered":"<p>O presidente Michel Temer disse nessa sexta-feira, 9, que considera uma \u201cagress\u00e3o ao consumidor\u201d o fato de que as redu\u00e7\u00f5es de pre\u00e7os da gasolina anunciadas pela Petrobras nas refinarias n\u00e3o s\u00e3o repassadas \u00e0s bombas. Segundo ele, o governo n\u00e3o vai permitir esse comportamento e foi determinado que a Pol\u00edcia Federal (PF) e o Conselho Administrativo de Defesa Econ\u00f4mica (Cade) fiscalizem os postos.<\/p>\n<p>\u201cDeterminamos ao Cade e \u00e0 Pol\u00edcia Federal que fiscalizem os postos\u201d, disse, em entrevista \u00e0 R\u00e1dio Gua\u00edba. O presidente explicou que \u201ca Petrobras decidiu fazer os aumentos ou as redu\u00e7\u00f5es de acordo com os pre\u00e7os internacionais. Quando tem aumento, a bomba de gasolina registra o aumento e quando tem redu\u00e7\u00e3o, n\u00e3o registra a redu\u00e7\u00e3o. N\u00e3o vamos permitir isso. Vamos colocar a Pol\u00edcia Federal, o Cade, atr\u00e1s dessa fiscaliza\u00e7\u00e3o para impedir essa esp\u00e9cie de quase agress\u00e3o ao consumidor. Essa provid\u00eancia est\u00e1 sendo tomada\u201d, disse.<\/p>\n<p>Na quinta-feira, 8, o ministro da Secretaria-geral da Presid\u00eancia, Moreira Franco, se reuniu com o presidente do Cade, Alexandre Barreto, e pediu que o Conselho investigue os pre\u00e7os praticados por postos de combust\u00edveis.<\/p>\n<p>Temer afirmou que governo estuda medidas para reduzir o impacto do pre\u00e7o do g\u00e1s de cozinha para a popula\u00e7\u00e3o de baixa renda, a serem anunciadas em breve. \u201cHouve aumento no botij\u00e3o do g\u00e1s de cozinha e estou examinando uma f\u00f3rmula de compensar esse aumento para os mais pobres porque \u00e9 para eles que o g\u00e1s de cozinha tem um efeito muito grade\u201d, disse.<\/p>\n<h4>&nbsp;<\/h4>\n<h4>REFORMA DA PREVID\u00caNCIA<\/h4>\n<p>O presidente voltou a defender a reforma da Previd\u00eancia, dizendo que ela \u00e9 fundamental para o equil\u00edbrio das contas p\u00fablicas e n\u00e3o atinge os mais pobres. Questionado sobre o nota que daria, de 1 a 10, para o grau de esperan\u00e7a na aprova\u00e7\u00e3o da reforma na C\u00e2mara dos Deputados, Temer respondeu que hoje \u00e9 7. \u201cMas espero chegar a 10\u201d, completou.<\/p>\n<p>\u201cVoc\u00ea sabe que tamb\u00e9m \u00e9 um problema, voc\u00ea precisa convencer os colegas, os parlamentares. Me deram um apoio extraordin\u00e1rio. Fiz do Legislativo um parceiro do governo e por isso conseguimos isso tudo que conseguimos at\u00e9 agora e, se Deus quiser, vamos conseguir tamb\u00e9m na Previd\u00eancia\u201d, disse Temer.<\/p>\n<h4>&nbsp;<\/h4>\n<h4>CANDIDATURA<\/h4>\n<p>Ao final da entrevista \u00e0 R\u00e1dio Gua\u00edba, Temer foi perguntado se poderia ser candidato nas pr\u00f3ximas elei\u00e7\u00f5es presidenciais, e respondeu que \u201cno momento sou candidato a passar na hist\u00f3ria como algu\u00e9m que pegou o pa\u00eds numa recess\u00e3o profunda, saiu da recess\u00e3o e nesses \u00faltimos seis meses, apesar dos embates todos, conseguiu fazer as reformas necess\u00e1rias para o pa\u00eds n\u00e3o s\u00f3 crescer agora, mas continuar crescendo e se desenvolvendo mais pra gente. Minha candidatura, por enquanto \u00e9 essa\u201d.<\/p>\n<p>Fonte: Ag\u00eancia Brasil<\/p>\n","protected":false},"excerpt":{"rendered":"<p>O presidente Michel Temer disse nessa sexta-feira, 9, que considera uma \u201cagress\u00e3o ao consumidor\u201d o fato de que as redu\u00e7\u00f5es de pre\u00e7os da gasolina anunciadas pela Petrobras nas refinarias n\u00e3o s\u00e3o repassadas \u00e0s bombas. Segundo ele, o governo n\u00e3o vai permitir esse comportamento e foi determinado que a Pol\u00edcia Federal (PF) e o Conselho Administrativo [&hellip;]<\/p>\n","protected":false},"author":96,"featured_media":91638,"comment_status":"closed","ping_status":"closed","sticky":false,"template":"","format":"standard","meta":{"footnotes":""},"categories":[261],"tags":[],"class_list":["post-91639","post","type-post","status-publish","format-standard","has-post-thumbnail","hentry","category-economia"],"_links":{"self":[{"href":"https:\/\/diarioregionaldigital.com.br\/index.php?rest_route=\/wp\/v2\/posts\/91639","targetHints":{"allow":["GET"]}}],"collection":[{"href":"https:\/\/diarioregionaldigital.com.br\/index.php?rest_route=\/wp\/v2\/posts"}],"about":[{"href":"https:\/\/diarioregionaldigital.com.br\/index.php?rest_route=\/wp\/v2\/types\/post"}],"author":[{"embeddable":true,"href":"https:\/\/diarioregionaldigital.com.br\/index.php?rest_route=\/wp\/v2\/users\/96"}],"replies":[{"embeddable":true,"href":"https:\/\/diarioregionaldigital.com.br\/index.php?rest_route=%2Fwp%2Fv2%2Fcomments&post=91639"}],"version-history":[{"count":0,"href":"https:\/\/diarioregionaldigital.com.br\/index.php?rest_route=\/wp\/v2\/posts\/91639\/revisions"}],"wp:featuredmedia":[{"embeddable":true,"href":"https:\/\/diarioregionaldigital.com.br\/index.php?rest_route=\/wp\/v2\/media\/91638"}],"wp:attachment":[{"href":"https:\/\/diarioregionaldigital.com.br\/index.php?rest_route=%2Fwp%2Fv2%2Fmedia&parent=91639"}],"wp:term":[{"taxonomy":"category","embeddable":true,"href":"https:\/\/diarioregionaldigital.com.br\/index.php?rest_route=%2Fwp%2Fv2%2Fcategories&post=91639"},{"taxonomy":"post_tag","embeddable":true,"href":"https:\/\/diarioregionaldigital.com.br\/index.php?rest_route=%2Fwp%2Fv2%2Ftags&post=91639"}],"curies":[{"name":"wp","href":"https:\/\/api.w.org\/{rel}","templated":true}]}}