{"id":91637,"date":"2018-02-09T13:54:18","date_gmt":"2018-02-09T15:54:18","guid":{"rendered":"http:\/\/diarioregionaljf.com.br\/2018\/02\/09\/policia-civil-prende-jovens-envolvidos-com-trafico-de-drogas\/"},"modified":"2018-02-09T13:54:18","modified_gmt":"2018-02-09T15:54:18","slug":"policia-civil-prende-jovens-envolvidos-com-trafico-de-drogas","status":"publish","type":"post","link":"https:\/\/diarioregionaldigital.com.br\/?p=91637","title":{"rendered":"Pol\u00edcia Civil prende jovens envolvidos com tr\u00e1fico de drogas"},"content":{"rendered":"<p>Tr\u00eas jovens de 22, 23 e 24 anos foram presos nesta quinta-feira, 8, pelo crime de tr\u00e1fico de drogas. As a\u00e7\u00f5es ocorrer\u00e3o no bairro nossa Senhora de Lurdes e Bosque Imperial.<\/p>\n<p>De acordo com a Pol\u00edcia Civil (PC), equipes da 1\u00aa e 2\u00aa Delegacia realizavam dilig\u00eancias no bairro Nossa Senhora de F\u00e1tima, zona Leste, onde localizaram dois traficantes de entorpecentes que atuam na regi\u00e3o.<\/p>\n<p>Os autores, de 22 e 23 anos receberam voz de pris\u00e3o e na resid\u00eancia deles foi localizado um quilo de maconha e uma por\u00e7\u00e3o de haxixe.<\/p>\n<p>A PC tamb\u00e9m recebeu informa\u00e7\u00f5es a respeito de um terceiro indiv\u00edduo, de 24 anos, que seria respons\u00e1vel por guardar outras quantias de drogas.<\/p>\n<p>Mediante os fatos, uma guarni\u00e7\u00e3o se deslocou at\u00e9 o bairro Bosque Imperial, na zona Oeste, onde localizaram um jovem de 24 anos, saindo de casa com sete tabletes de maconha na mochila.<\/p>\n<p>Todos os tr\u00eas autores foram encaminhados para delegacia.<\/p>\n<p><img loading=\"lazy\" decoding=\"async\" class=\" size-full wp-image-91636\" src=\"http:\/\/diarioregionaljf.com.br\/wp-content\/uploads\/2018\/02\/diario-int-24049-1.jpg\" alt=\"materiaispc\" width=\"472\" height=\"312\" srcset=\"https:\/\/diarioregionaldigital.com.br\/wp-content\/uploads\/2018\/02\/diario-int-24049-1.jpg 680w, https:\/\/diarioregionaldigital.com.br\/wp-content\/uploads\/2018\/02\/diario-int-24049-1-300x199.jpg 300w, https:\/\/diarioregionaldigital.com.br\/wp-content\/uploads\/2018\/02\/diario-int-24049-1-360x238.jpg 360w\" sizes=\"auto, (max-width: 472px) 100vw, 472px\" \/><\/p>\n<p>Foto: Divulga\u00e7\u00e3o Pol\u00edcia Civil<\/p>\n","protected":false},"excerpt":{"rendered":"<p>Tr\u00eas jovens de 22, 23 e 24 anos foram presos nesta quinta-feira, 8, pelo crime de tr\u00e1fico de drogas. As a\u00e7\u00f5es ocorrer\u00e3o no bairro nossa Senhora de Lurdes e Bosque Imperial. De acordo com a Pol\u00edcia Civil (PC), equipes da 1\u00aa e 2\u00aa Delegacia realizavam dilig\u00eancias no bairro Nossa Senhora de F\u00e1tima, zona Leste, onde [&hellip;]<\/p>\n","protected":false},"author":96,"featured_media":91635,"comment_status":"closed","ping_status":"closed","sticky":false,"template":"","format":"standard","meta":{"footnotes":""},"categories":[253],"tags":[],"class_list":["post-91637","post","type-post","status-publish","format-standard","has-post-thumbnail","hentry","category-cidade"],"_links":{"self":[{"href":"https:\/\/diarioregionaldigital.com.br\/index.php?rest_route=\/wp\/v2\/posts\/91637","targetHints":{"allow":["GET"]}}],"collection":[{"href":"https:\/\/diarioregionaldigital.com.br\/index.php?rest_route=\/wp\/v2\/posts"}],"about":[{"href":"https:\/\/diarioregionaldigital.com.br\/index.php?rest_route=\/wp\/v2\/types\/post"}],"author":[{"embeddable":true,"href":"https:\/\/diarioregionaldigital.com.br\/index.php?rest_route=\/wp\/v2\/users\/96"}],"replies":[{"embeddable":true,"href":"https:\/\/diarioregionaldigital.com.br\/index.php?rest_route=%2Fwp%2Fv2%2Fcomments&post=91637"}],"version-history":[{"count":0,"href":"https:\/\/diarioregionaldigital.com.br\/index.php?rest_route=\/wp\/v2\/posts\/91637\/revisions"}],"wp:featuredmedia":[{"embeddable":true,"href":"https:\/\/diarioregionaldigital.com.br\/index.php?rest_route=\/wp\/v2\/media\/91635"}],"wp:attachment":[{"href":"https:\/\/diarioregionaldigital.com.br\/index.php?rest_route=%2Fwp%2Fv2%2Fmedia&parent=91637"}],"wp:term":[{"taxonomy":"category","embeddable":true,"href":"https:\/\/diarioregionaldigital.com.br\/index.php?rest_route=%2Fwp%2Fv2%2Fcategories&post=91637"},{"taxonomy":"post_tag","embeddable":true,"href":"https:\/\/diarioregionaldigital.com.br\/index.php?rest_route=%2Fwp%2Fv2%2Ftags&post=91637"}],"curies":[{"name":"wp","href":"https:\/\/api.w.org\/{rel}","templated":true}]}}